{"id":19290,"date":"2024-10-15T07:16:42","date_gmt":"2024-10-15T10:16:42","guid":{"rendered":"http:\/\/zoomproducciones.com.ar\/zoomp\/?p=19290"},"modified":"2024-10-15T07:16:43","modified_gmt":"2024-10-15T10:16:43","slug":"estudiantes-de-la-uba-intensifican-la-lucha-por-el-presupuesto-tomas-paro-y-cortes-de-calle","status":"publish","type":"post","link":"https:\/\/zoomproducciones.com.ar\/zoomp\/estudiantes-de-la-uba-intensifican-la-lucha-por-el-presupuesto-tomas-paro-y-cortes-de-calle\/","title":{"rendered":"Estudiantes de la UBA intensifican la lucha por el presupuesto: tomas, paro y cortes de calle"},"content":{"rendered":"\n<p>En medio de la disputa con el Gobierno nacional por el presupuesto universitario, los estudiantes de la UBA anunciaron que seguir\u00e1n con su plan de lucha, intensificando las medidas.<\/p>\n\n\n\n<p>En una asamblea realizada el lunes, se resolvi\u00f3 realizar tomas de entre 24 y 72 horas en diferentes facultades:<\/p>\n\n\n\n<ul class=\"wp-block-list\">\n<li>Ciencias Exactas, Derecho, Medicina, FADU, Ingenier\u00eda, Sociales, Psicolog\u00eda y Filosof\u00eda y Letras estar\u00e1n tomadas por diferentes plazos, con finalizaci\u00f3n entre el mi\u00e9rcoles y el viernes.<\/li>\n\n\n\n<li>Derecho realizar\u00e1 una toma de 24 horas este martes, con corte de la avenida Figueroa Alcorta y marcha a Plaza de Mayo.<\/li>\n\n\n\n<li>Exactas, FADU, Ingenier\u00eda y Medicina permanecer\u00e1n tomadas por 72 horas hasta la medianoche del mi\u00e9rcoles.<\/li>\n\n\n\n<li>Medicina cortar\u00e1 la avenida C\u00f3rdoba y la esquina con Jun\u00edn el mi\u00e9rcoles a las 18:00, uni\u00e9ndose a Farmacia y Bioqu\u00edmica, Ingenier\u00eda, Econ\u00f3micas y Derecho.<\/li>\n\n\n\n<li>Ciencias Exactas y FADU realizar\u00e1n una medida conjunta en Ciudad Universitaria, con corte de la avenida Cantilo el mi\u00e9rcoles por la tarde.<\/li>\n\n\n\n<li>Sociales estar\u00e1 tomada hasta el viernes para ensamblar el reclamo con el paro nacional del jueves 17 de octubre, convocado por el Frente Sindical de Universidades Nacionales.<\/li>\n\n\n\n<li>Psicolog\u00eda y Filosof\u00eda y Letras tambi\u00e9n estar\u00e1n tomadas hasta el viernes, sum\u00e1ndose a los cortes y movilizaci\u00f3n a Plaza de Mayo el mi\u00e9rcoles a las 18:00.<\/li>\n\n\n\n<li>Econ\u00f3micas llevar\u00e1 a cabo un abrazo simb\u00f3lico con encendido de velas el martes para visibilizar el reclamo. Una asamblea el mi\u00e9rcoles definir\u00e1 las pr\u00f3ximas medidas.<\/li>\n<\/ul>\n\n\n\n<p>El jueves pr\u00f3ximo, habr\u00e1 un nuevo paro con cese de actividades en todas las universidades nacionales, convocado por el Frente Sindical.<\/p>\n\n\n\n<p>Adem\u00e1s de las tomas, los estudiantes impulsar\u00e1n otras medidas de fuerza complementarias durante la semana, incluyendo clases p\u00fablicas en todos los establecimientos.<\/p>\n\n\n\n<p>La lucha por un presupuesto universitario justo contin\u00faa, con los estudiantes de la UBA intensificando su presi\u00f3n sobre el Gobierno nacional.<\/p>\n","protected":false},"excerpt":{"rendered":"<p>En medio de la disputa con el Gobierno nacional por el presupuesto universitario, los estudiantes de la UBA anunciaron que seguir\u00e1n con su plan de lucha, intensificando las medidas. En una asamblea realizada el lunes, se resolvi\u00f3 realizar tomas de entre 24 y 72 horas en diferentes facultades: El jueves pr\u00f3ximo, habr\u00e1 un nuevo paro [&hellip;]<\/p>\n","protected":false},"author":2,"featured_media":19293,"comment_status":"closed","ping_status":"open","sticky":false,"template":"","format":"standard","meta":{"footnotes":""},"categories":[8],"tags":[511],"class_list":{"0":"post-19290","1":"post","2":"type-post","3":"status-publish","4":"format-standard","5":"has-post-thumbnail","7":"category-nacionales","8":"tag-bloque-2"},"_links":{"self":[{"href":"https:\/\/zoomproducciones.com.ar\/zoomp\/wp-json\/wp\/v2\/posts\/19290","targetHints":{"allow":["GET"]}}],"collection":[{"href":"https:\/\/zoomproducciones.com.ar\/zoomp\/wp-json\/wp\/v2\/posts"}],"about":[{"href":"https:\/\/zoomproducciones.com.ar\/zoomp\/wp-json\/wp\/v2\/types\/post"}],"author":[{"embeddable":true,"href":"https:\/\/zoomproducciones.com.ar\/zoomp\/wp-json\/wp\/v2\/users\/2"}],"replies":[{"embeddable":true,"href":"https:\/\/zoomproducciones.com.ar\/zoomp\/wp-json\/wp\/v2\/comments?post=19290"}],"version-history":[{"count":1,"href":"https:\/\/zoomproducciones.com.ar\/zoomp\/wp-json\/wp\/v2\/posts\/19290\/revisions"}],"predecessor-version":[{"id":19297,"href":"https:\/\/zoomproducciones.com.ar\/zoomp\/wp-json\/wp\/v2\/posts\/19290\/revisions\/19297"}],"wp:featuredmedia":[{"embeddable":true,"href":"https:\/\/zoomproducciones.com.ar\/zoomp\/wp-json\/wp\/v2\/media\/19293"}],"wp:attachment":[{"href":"https:\/\/zoomproducciones.com.ar\/zoomp\/wp-json\/wp\/v2\/media?parent=19290"}],"wp:term":[{"taxonomy":"category","embeddable":true,"href":"https:\/\/zoomproducciones.com.ar\/zoomp\/wp-json\/wp\/v2\/categories?post=19290"},{"taxonomy":"post_tag","embeddable":true,"href":"https:\/\/zoomproducciones.com.ar\/zoomp\/wp-json\/wp\/v2\/tags?post=19290"}],"curies":[{"name":"wp","href":"https:\/\/api.w.org\/{rel}","templated":true}]}}