{"id":19268,"date":"2024-10-14T07:55:40","date_gmt":"2024-10-14T10:55:40","guid":{"rendered":"http:\/\/zoomproducciones.com.ar\/zoomp\/?p=19268"},"modified":"2024-10-14T07:55:41","modified_gmt":"2024-10-14T10:55:41","slug":"fallecio-pedro-del-prado-reconocido-chamamecero-nacido-en-paso-de-los-libres","status":"publish","type":"post","link":"https:\/\/zoomproducciones.com.ar\/zoomp\/fallecio-pedro-del-prado-reconocido-chamamecero-nacido-en-paso-de-los-libres\/","title":{"rendered":"Falleci\u00f3 Pedro del Prado, reconocido chamamecero nacido en Paso de los Libres"},"content":{"rendered":"\n<p>El reconocido chamamecero Pedro del Prado falleci\u00f3 este domingo, seg\u00fan confirmaron fuentes cercanas al m\u00fasico. El artista, que sufr\u00eda problemas de salud, estuvo internado en el Instituto de Cardiolog\u00eda durante las \u00faltimas semanas.<\/p>\n\n\n\n<p>En las redes sociales, el Grupo Amanday\u00e9, del que form\u00f3 parte, lo despidi\u00f3 con una sentida publicaci\u00f3n: \u00abHasta siempre amigo, mucha luz en esta gira\u00bb, escribieron junto a una imagen de Pedro.<\/p>\n\n\n\n<p>Pedro Oscar Culiandro, art\u00edsticamente conocido como Pedro del Prado, naci\u00f3 en Paso de los Libres, provincia de Corrientes, el 24 de diciembre de 1954. Su pasi\u00f3n por la m\u00fasica comenz\u00f3 en la infancia, influenciado por su padre, cantante aficionado. A los 9 a\u00f1os, aprendi\u00f3 a tocar la guitarra y se perfeccion\u00f3 con el maestro Pedro Parra.<\/p>\n\n\n\n<p>Sus primeras presentaciones fueron en fiestas familiares y escolares. A los 11 a\u00f1os, ya se presentaba en pe\u00f1as y festivales de Paso de los Libres y su zona de influencia, adem\u00e1s de participar en audiciones radiales de \u00abLT 12 Radio General Madariaga\u00bb.<\/p>\n\n\n\n<p>A finales de los 60, se mud\u00f3 con su familia a la capital de Corrientes, donde continu\u00f3 con sus presentaciones como cantante y guitarrista en el circuito de pe\u00f1as universitarias y de folklore.<\/p>\n\n\n\n<p>En 1980, fue invitado por Jorge Luis Boratti y Ra\u00fal Tissoco a reemplazar a Daniel Larrea y Eduardo Insaurralde en el \u00abGrupo Vocal Nuevo D\u00eda\u00bb. Con esta formaci\u00f3n, particip\u00f3 en un certamen de canciones organizado por el COMFER y SADAIC, resultando finalistas entre 1800 participantes. Esto le permiti\u00f3 realizar su primera grabaci\u00f3n profesional en el disco de los finalistas, donde versionaron \u00abBarquito de papel\u00bb, autor\u00eda de Pocho Roch.<\/p>\n\n\n\n<p>En 1982, particip\u00f3 en la grabaci\u00f3n del disco \u00abCanciones al viento\u00bb, editado por el sello \u00abEPIC\u00bb. Ese mismo a\u00f1o, se integr\u00f3 a la \u00abOrquesta Folkl\u00f3rica Municipal\u00bb, creada y dirigida por Don Herminio Gim\u00e9nez. En 1985, se mud\u00f3 a Buenos Aires, donde conoci\u00f3 al artista curuzucuate\u00f1o Mateo Villalba, con quien comparti\u00f3 actuaciones y grabaciones durante cinco a\u00f1os.<\/p>\n\n\n\n<p>De regreso a Corrientes en 1990, form\u00f3 el \u00abGrupo Mensaje\u00bb junto a Ra\u00fal Tissocco y la cancionista Liliana Laffitte. Luego, recibi\u00f3 la invitaci\u00f3n de Ricardo y Hugo Sc\u00f3fano para unirse al \u00abGrupo Renacer\u00bb, donde permaneci\u00f3 durante tres a\u00f1os y particip\u00f3 en la grabaci\u00f3n del disco \u00abRenacer\u00bb, editado por el sello \u00abEPSA MUSIC\u00bb.<\/p>\n\n\n\n<p>Las voces y guitarras del \u00abGrupo Renacer\u00bb estaban conformadas por Del Prado, Hugo Flores y Hugo Sc\u00f3fano. En 1998, decidieron abandonar la agrupaci\u00f3n para fundar el \u00abGrupo Amandaye\u00bb, grupo que integr\u00f3 hasta la actualidad.<\/p>\n\n\n\n<p>La partida de Pedro del Prado deja un vac\u00edo en el mundo del chamam\u00e9. Su talento musical y su legado perdurar\u00e1n en la memoria de sus seguidores y en la historia de la m\u00fasica correntina.<\/p>\n\n\n\n<p>Fuente: El Litoral.<\/p>\n","protected":false},"excerpt":{"rendered":"<p>El reconocido chamamecero Pedro del Prado falleci\u00f3 este domingo, seg\u00fan confirmaron fuentes cercanas al m\u00fasico. El artista, que sufr\u00eda problemas de salud, estuvo internado en el Instituto de Cardiolog\u00eda durante las \u00faltimas semanas. En las redes sociales, el Grupo Amanday\u00e9, del que form\u00f3 parte, lo despidi\u00f3 con una sentida publicaci\u00f3n: \u00abHasta siempre amigo, mucha luz [&hellip;]<\/p>\n","protected":false},"author":2,"featured_media":19270,"comment_status":"closed","ping_status":"open","sticky":false,"template":"","format":"standard","meta":{"footnotes":""},"categories":[3],"tags":[511],"class_list":{"0":"post-19268","1":"post","2":"type-post","3":"status-publish","4":"format-standard","5":"has-post-thumbnail","7":"category-provinciales","8":"tag-bloque-2"},"_links":{"self":[{"href":"https:\/\/zoomproducciones.com.ar\/zoomp\/wp-json\/wp\/v2\/posts\/19268","targetHints":{"allow":["GET"]}}],"collection":[{"href":"https:\/\/zoomproducciones.com.ar\/zoomp\/wp-json\/wp\/v2\/posts"}],"about":[{"href":"https:\/\/zoomproducciones.com.ar\/zoomp\/wp-json\/wp\/v2\/types\/post"}],"author":[{"embeddable":true,"href":"https:\/\/zoomproducciones.com.ar\/zoomp\/wp-json\/wp\/v2\/users\/2"}],"replies":[{"embeddable":true,"href":"https:\/\/zoomproducciones.com.ar\/zoomp\/wp-json\/wp\/v2\/comments?post=19268"}],"version-history":[{"count":1,"href":"https:\/\/zoomproducciones.com.ar\/zoomp\/wp-json\/wp\/v2\/posts\/19268\/revisions"}],"predecessor-version":[{"id":19271,"href":"https:\/\/zoomproducciones.com.ar\/zoomp\/wp-json\/wp\/v2\/posts\/19268\/revisions\/19271"}],"wp:featuredmedia":[{"embeddable":true,"href":"https:\/\/zoomproducciones.com.ar\/zoomp\/wp-json\/wp\/v2\/media\/19270"}],"wp:attachment":[{"href":"https:\/\/zoomproducciones.com.ar\/zoomp\/wp-json\/wp\/v2\/media?parent=19268"}],"wp:term":[{"taxonomy":"category","embeddable":true,"href":"https:\/\/zoomproducciones.com.ar\/zoomp\/wp-json\/wp\/v2\/categories?post=19268"},{"taxonomy":"post_tag","embeddable":true,"href":"https:\/\/zoomproducciones.com.ar\/zoomp\/wp-json\/wp\/v2\/tags?post=19268"}],"curies":[{"name":"wp","href":"https:\/\/api.w.org\/{rel}","templated":true}]}}