{"id":19262,"date":"2024-10-14T07:43:58","date_gmt":"2024-10-14T10:43:58","guid":{"rendered":"http:\/\/zoomproducciones.com.ar\/zoomp\/?p=19262"},"modified":"2024-10-14T07:43:58","modified_gmt":"2024-10-14T10:43:58","slug":"cristina-busca-llegar-a-un-acuerdo-con-ricardo-quintela-por-la-interna-del-pj","status":"publish","type":"post","link":"https:\/\/zoomproducciones.com.ar\/zoomp\/cristina-busca-llegar-a-un-acuerdo-con-ricardo-quintela-por-la-interna-del-pj\/","title":{"rendered":"Cristina busca llegar a un acuerdo con Ricardo Quintela por la interna del PJ"},"content":{"rendered":"\n<p>Cristina Kirchner anunci\u00f3 su intenci\u00f3n de postularse para la presidencia del Partido Justicialista (PJ) y contact\u00f3 a Ricardo Quintela, gobernador de La Rioja, para intentar llegar a un acuerdo que evite divisiones. Sin embargo, Quintela no atendi\u00f3 la llamada y, poco despu\u00e9s, present\u00f3 su propia lista, \u201cFederalismo y Justicia\u201d, para competir por la conducci\u00f3n del peronismo.<\/p>\n\n\n\n<p>El gobernador regres\u00f3 a su provincia durante el fin de semana y se tom\u00f3 un breve descanso de la campa\u00f1a. <strong>Confirm\u00f3 que este lunes planea devolver el llamado a la expresidenta e intentar coordinar un encuentro. <\/strong>\u00abQued\u00e9 en hablar con Cristina el lunes para encontrarme con ella. No s\u00e9 qu\u00e9 saldr\u00e1 de esa conversaci\u00f3n. La escuchar\u00e9 y tomar\u00e9 una decisi\u00f3n en funci\u00f3n de lo que me diga\u00bb, declar\u00f3 en Radio 10.<\/p>\n\n\n\n<p>Ambos dirigentes buscan una lista de unidad, pero el desaf\u00edo radica en qui\u00e9n ceder\u00e1 primero. Mientras el silencio de Axel Kicillof llena el ambiente pol\u00edtico, <strong>Cristina ha logrado el respaldo del PJ de 12 provincias y sigue insistiendo en que Quintela retire su candidatura. <\/strong>Aunque Quintela le lanz\u00f3 un gui\u00f1o el fin de semana, su entorno mantiene firme la postulaci\u00f3n, especialmente entre los dirigentes que se oponen al kirchnerismo.<\/p>\n\n\n\n<p>\u00abPens\u00e9 que se convocar\u00eda a gobernadores, intendentes, legisladores y miembros de la CGT para tener un plenario y dialogar. No sucedi\u00f3\u00bb, coment\u00f3 Quintela en Radio Splendid, expresando su descontento con el rumbo de la situaci\u00f3n.<strong> \u00abNo ten\u00eda previsto postularme; de haberlo sabido, me habr\u00eda puesto a disposici\u00f3n de ella\u00bb.<\/strong><\/p>\n\n\n\n<p>La respuesta de Quintela este lunes ser\u00e1 crucial. Si acepta sentarse a dialogar, la pr\u00f3xima jugada depender\u00e1 de Cristina Kirchner: si abrir\u00e1 la convocatoria al di\u00e1logo, como plantean sus m\u00e1s cercanos, o si optar\u00e1 por \u00abdirigir sin consultar\u00bb, algo que sus cr\u00edticos le reprochan. \u00abNo estamos dispuestos a ser parte de una monarqu\u00eda. En eso pretenden convertir al PJ\u00bb, enfatiz\u00f3 Florencio Randazzo al renunciar al partido.<\/p>\n\n\n\n<p>Quintela expres\u00f3 su \u201cfrustraci\u00f3n e incertidumbre\u201d respecto a la situaci\u00f3n, destacando su respeto por Cristina. <strong>\u00abEn este juego de ajedrez, debemos proteger a la dama. <\/strong>Nunca pens\u00e9 que ella podr\u00eda competir conmigo. No tengo inconveniente en hacer campa\u00f1a, pero no es con quien deber\u00eda competir\u00bb, asegur\u00f3, aclarando que no despreci\u00f3 a la expresidenta; simplemente no vio sus mensajes hasta entrada la madrugada.<\/p>\n\n\n\n<p>El futuro del peronismo se decidir\u00e1 en la conversaci\u00f3n que ambos mantendr\u00e1n. \u00ab<strong>Podr\u00edamos haber tenido una competencia rica en propuestas y programas<\/strong>\u00ab, coment\u00f3, desilusionado. Quintela se mantiene firme en recorrer el pa\u00eds y cree firmemente que el pa\u00eds necesita un \u00abperonismo movimentista de car\u00e1cter nacional\u00bb, con todos los actores sentados a la mesa, incluso aquellos que est\u00e1n dispersos.<\/p>\n\n\n\n<p><strong>\u00abA Cristina la quiero, la respeto, la admiro. No es lo mismo (una interna) con cualquier otro contrincante<\/strong>\u00ab, sostuvo, agregando que su principal preocupaci\u00f3n no es el resultado de la interna, sino la militancia y su horizonte hacia 2027.<\/p>\n\n\n\n<p>En los \u00faltimos d\u00edas, Cristina logr\u00f3 reunir los apoyos del PJ de Buenos Aires, CABA, Chaco, Catamarca, Chubut, Corrientes, Neuqu\u00e9n, R\u00edo Negro, Santa Cruz, San Juan, Santiago del Estero y Tierra del Fuego. Quintela, por su parte, cuenta con el respaldo de Misiones, La Rioja, Salta y San Luis.<\/p>\n\n\n\n<p>\u201c<strong>Cristina no necesita bajar a esto para fijar posici\u00f3n, pero s\u00ed requiero que haya ejecutores de pol\u00edticas que podamos definir entre todos<\/strong>, y creo estar en condiciones de hacerlo. Tengo el hambre necesaria\u00bb, concluy\u00f3 el gobernador riojano.<\/p>\n","protected":false},"excerpt":{"rendered":"<p>Cristina Kirchner anunci\u00f3 su intenci\u00f3n de postularse para la presidencia del Partido Justicialista (PJ) y contact\u00f3 a Ricardo Quintela, gobernador de La Rioja, para intentar llegar a un acuerdo que evite divisiones. Sin embargo, Quintela no atendi\u00f3 la llamada y, poco despu\u00e9s, present\u00f3 su propia lista, \u201cFederalismo y Justicia\u201d, para competir por la conducci\u00f3n del [&hellip;]<\/p>\n","protected":false},"author":2,"featured_media":19263,"comment_status":"closed","ping_status":"open","sticky":false,"template":"","format":"standard","meta":{"footnotes":""},"categories":[8],"tags":[511],"class_list":{"0":"post-19262","1":"post","2":"type-post","3":"status-publish","4":"format-standard","5":"has-post-thumbnail","7":"category-nacionales","8":"tag-bloque-2"},"_links":{"self":[{"href":"https:\/\/zoomproducciones.com.ar\/zoomp\/wp-json\/wp\/v2\/posts\/19262","targetHints":{"allow":["GET"]}}],"collection":[{"href":"https:\/\/zoomproducciones.com.ar\/zoomp\/wp-json\/wp\/v2\/posts"}],"about":[{"href":"https:\/\/zoomproducciones.com.ar\/zoomp\/wp-json\/wp\/v2\/types\/post"}],"author":[{"embeddable":true,"href":"https:\/\/zoomproducciones.com.ar\/zoomp\/wp-json\/wp\/v2\/users\/2"}],"replies":[{"embeddable":true,"href":"https:\/\/zoomproducciones.com.ar\/zoomp\/wp-json\/wp\/v2\/comments?post=19262"}],"version-history":[{"count":1,"href":"https:\/\/zoomproducciones.com.ar\/zoomp\/wp-json\/wp\/v2\/posts\/19262\/revisions"}],"predecessor-version":[{"id":19266,"href":"https:\/\/zoomproducciones.com.ar\/zoomp\/wp-json\/wp\/v2\/posts\/19262\/revisions\/19266"}],"wp:featuredmedia":[{"embeddable":true,"href":"https:\/\/zoomproducciones.com.ar\/zoomp\/wp-json\/wp\/v2\/media\/19263"}],"wp:attachment":[{"href":"https:\/\/zoomproducciones.com.ar\/zoomp\/wp-json\/wp\/v2\/media?parent=19262"}],"wp:term":[{"taxonomy":"category","embeddable":true,"href":"https:\/\/zoomproducciones.com.ar\/zoomp\/wp-json\/wp\/v2\/categories?post=19262"},{"taxonomy":"post_tag","embeddable":true,"href":"https:\/\/zoomproducciones.com.ar\/zoomp\/wp-json\/wp\/v2\/tags?post=19262"}],"curies":[{"name":"wp","href":"https:\/\/api.w.org\/{rel}","templated":true}]}}