{"id":1901,"date":"2022-11-29T11:02:38","date_gmt":"2022-11-29T14:02:38","guid":{"rendered":"http:\/\/zoomproducciones.com.ar\/zoomp\/?p=1901"},"modified":"2022-11-29T11:18:07","modified_gmt":"2022-11-29T14:18:07","slug":"profesorado-confirman-cierre-de-cuatro-carreras","status":"publish","type":"post","link":"https:\/\/zoomproducciones.com.ar\/zoomp\/profesorado-confirman-cierre-de-cuatro-carreras\/","title":{"rendered":"Profesorado: confirman cierre de cuatro carreras"},"content":{"rendered":"\n<p>Seg\u00fan informaci\u00f3n compartida por el Centro de Estudiantes &#8216;H\u00e9ctor Pata Acosta&#8217; al menos cuatro carreras -Historia y Profesorado de Nivel Inicial entre ellas- no abrir\u00e1n las inscripciones para el primer a\u00f1o del ciclo lectivo 2023 en el Profesorado Profesor Agust\u00edn Gomez. En respuesta, el Centro public\u00f3 un comunicado en sus redes sociales: \u00bbLos estudiantes nunca vamos a respaldar un cierre de carreras\u00bb.<\/p>\n\n\n\n<p>Hace unas semanas se hab\u00eda conocido la informaci\u00f3n de que posiblemente siete carreras no abrir\u00e1n las inscripciones para el primer a\u00f1o del ciclo lectivo 2023 en el ISFD Prof. Agust\u00edn Gomez. La rectora del Instituto Superior Docente, Elena Pikarsky, habl\u00f3 con Dami\u00e1n Froy en De Entrada el pasado 14 de noviembre y dijo lo siguiente:<\/p>\n\n\n\n<figure class=\"wp-block-pullquote\"><blockquote><p>\u00bbLa Direcci\u00f3n de Nivel Superior nos solicit\u00f3 un relevamiento. Estamos en observaci\u00f3n,no se han cerrado las carreras\u00bb.<\/p><cite>Elena Pikarsky<\/cite><\/blockquote><\/figure>\n\n\n\n<p>Seg\u00fan la rectora, la Direcci\u00f3n de Nivel Superior solicit\u00f3 al Instituto estad\u00edsticas acerca de las carreras para evaluar el cierre o no de las mismas. \u00bbNosotros quedamos en elevar todas las estad\u00edsticas esta semana, hay tiempo hasta el viernes\u00bb (18 de noviembre) afirm\u00f3 Pikarsky, y agreg\u00f3: \u00bbDespu\u00e9s de eso vamos a definir la oferta de Paso de los Libres, algunas carreras s\u00ed tienen confirmaci\u00f3n como Matem\u00e1tica, Biolog\u00eda y Administraci\u00f3n que vuelven a abrir en 2023\u00bb.<\/p>\n\n\n\n<p>\u00bbTodos sentimos en el alma que perdemos compa\u00f1eros. Pero tenemos que pensar en Paso de los Libres, en sus desarrollos\u00bb explic\u00f3 Pikarsky y agre\u00f3 <strong>\u00bbVoy a acompa\u00f1ar cualquier tipo de acci\u00f3n que no fuera contra la ley\u00bb.<\/strong><\/p>\n\n\n\n<p>En respuesta, la entidad sindical SUTECO respondi\u00f3: \u201cAceptamos la apertura de nuevas carreras, siempre y cuando se sostenga la oferta acad\u00e9mica actual. No es ver\u00eddico que se haya consensuado con la comunidad educativa el cierre de carreras\u00bb.<\/p>\n\n\n\n<h2 class=\"wp-block-heading\">Respuesta del Centro de Estudiantes<\/h2>\n\n\n\n<p>El Centro de Estudiantes H\u00e9ctor Pata Acosta public\u00f3 un comunicado este lunes en donde firmaron: \u00bbLos estudiantes nunca vamos a respaldar un cierre de carreras\u00bb.<\/p>\n\n\n\n<p>\u00bbComo representantes de los estudiantes del ISFDPAG estamos en desacuerdo con el cierre de carreras docentes, capacitaciones y tecnicaturas. Que aceptamos la apertura de nuevas carreras, siempre y cuando se sostenga la oferta acad\u00e9mica actual\u00bb expresa el comunicado.<\/p>\n\n\n\n<p>\u00bbNo es ver\u00eddico que se haya consensuado con la comunidad educativa el cierre de carreras, ya que tanto docentes como alumnos estamos manifest\u00e1ndonos en contra de estas decisiones por considerarlas arbitrarias\u00bb.<\/p>\n\n\n\n<h2 class=\"wp-block-heading\">Repudio al control policial en el Profesorado<\/h2>\n\n\n\n<p>\u00bbManifestamos nuestro profundo repudio ante el constante hostigamiento policial sufrido por docentes y alumnos desde el d\u00eda 11\/11\/22, de los cuales tenemos prueba documental, y que nos recuerda a oscuros tiempos dictatoriales vividos en nuestro pa\u00eds\u00bb comentan los estudiantes del Centro.<\/p>\n\n\n\n<figure class=\"wp-block-image size-large\"><a href=\"http:\/\/zoomproducciones.com.ar\/zoomp\/wp-content\/uploads\/2022\/11\/IMG-20221114-WA01861.jpg\"><img decoding=\"async\" src=\"http:\/\/zoomproducciones.com.ar\/zoomp\/wp-content\/uploads\/2022\/11\/IMG-20221114-WA01861-576x1024.jpg\" alt=\"\" class=\"wp-image-1905\"\/><\/a><\/figure>\n\n\n\n<p>\u00bbLa Sra. Supervisora nos manifiesta que \u201cdesconoce tales hechos\u201d, \u201cque no provienen de su autor\u00eda\u201d, \u201cque los repudia e insta a seguir la v\u00eda legal y administrativa para aclararlos\u201d. Nosotros ante todo esto exigimos saber qui\u00e9n es el\/la responsable de tal hostigamiento y que se hagan cargo legalmente\u00bb.<\/p>\n\n\n\n<p>En respuesta, el Centro Estudiantil presentar\u00e1 una nota para ser elevada a superioridad, donde relatar\u00e1n los hechos y presentar\u00e1n pruebas. <\/p>\n\n\n\n<p><\/p>\n","protected":false},"excerpt":{"rendered":"<p>Seg\u00fan informaci\u00f3n compartida por el Centro de Estudiantes &#8216;H\u00e9ctor Pata Acosta&#8217; al menos cuatro carreras -Historia y Profesorado de Nivel Inicial entre ellas- no abrir\u00e1n las inscripciones para el primer a\u00f1o del ciclo lectivo 2023 en el Profesorado Profesor Agust\u00edn Gomez. En respuesta, el Centro public\u00f3 un comunicado en sus redes sociales: \u00bbLos estudiantes nunca [&hellip;]<\/p>\n","protected":false},"author":2,"featured_media":0,"comment_status":"closed","ping_status":"open","sticky":false,"template":"","format":"standard","meta":{"footnotes":""},"categories":[5],"tags":[42,116,239],"class_list":{"0":"post-1901","1":"post","2":"type-post","3":"status-publish","4":"format-standard","6":"category-locales","7":"tag-featured","8":"tag-paso-de-los-libres","9":"tag-profesorado"},"_links":{"self":[{"href":"https:\/\/zoomproducciones.com.ar\/zoomp\/wp-json\/wp\/v2\/posts\/1901","targetHints":{"allow":["GET"]}}],"collection":[{"href":"https:\/\/zoomproducciones.com.ar\/zoomp\/wp-json\/wp\/v2\/posts"}],"about":[{"href":"https:\/\/zoomproducciones.com.ar\/zoomp\/wp-json\/wp\/v2\/types\/post"}],"author":[{"embeddable":true,"href":"https:\/\/zoomproducciones.com.ar\/zoomp\/wp-json\/wp\/v2\/users\/2"}],"replies":[{"embeddable":true,"href":"https:\/\/zoomproducciones.com.ar\/zoomp\/wp-json\/wp\/v2\/comments?post=1901"}],"version-history":[{"count":5,"href":"https:\/\/zoomproducciones.com.ar\/zoomp\/wp-json\/wp\/v2\/posts\/1901\/revisions"}],"predecessor-version":[{"id":1910,"href":"https:\/\/zoomproducciones.com.ar\/zoomp\/wp-json\/wp\/v2\/posts\/1901\/revisions\/1910"}],"wp:attachment":[{"href":"https:\/\/zoomproducciones.com.ar\/zoomp\/wp-json\/wp\/v2\/media?parent=1901"}],"wp:term":[{"taxonomy":"category","embeddable":true,"href":"https:\/\/zoomproducciones.com.ar\/zoomp\/wp-json\/wp\/v2\/categories?post=1901"},{"taxonomy":"post_tag","embeddable":true,"href":"https:\/\/zoomproducciones.com.ar\/zoomp\/wp-json\/wp\/v2\/tags?post=1901"}],"curies":[{"name":"wp","href":"https:\/\/api.w.org\/{rel}","templated":true}]}}