{"id":18983,"date":"2024-10-01T07:26:35","date_gmt":"2024-10-01T10:26:35","guid":{"rendered":"http:\/\/zoomproducciones.com.ar\/zoomp\/?p=18983"},"modified":"2024-10-01T07:26:36","modified_gmt":"2024-10-01T10:26:36","slug":"dpec-cortes-programados-durante-la-manana-de-este-martes","status":"publish","type":"post","link":"https:\/\/zoomproducciones.com.ar\/zoomp\/dpec-cortes-programados-durante-la-manana-de-este-martes\/","title":{"rendered":"DPEC: cortes programados durante la ma\u00f1ana de este martes"},"content":{"rendered":"\n<p>La Direcci\u00f3n Provincial de Energ\u00eda de Corrientes (DPEC) informa que se interrumpir\u00e1 el suministro de energ\u00eda el\u00e9ctrica en la localidad de Paso de los Libres este martes 01\/10\/24 de 08:00 a 12:00 Hs., con el objetivo de realizar mejoras en el servicio.<\/p>\n\n\n\n<p>Las zonas afectadas ser\u00e1n:<\/p>\n\n\n\n<ul class=\"wp-block-list\">\n<li>B\u00b0 Las Flores<\/li>\n\n\n\n<li>B\u00b0 Plurianual<\/li>\n\n\n\n<li>B\u00b0 Lujan<\/li>\n\n\n\n<li>Zonas de influencia<\/li>\n<\/ul>\n","protected":false},"excerpt":{"rendered":"<p>La Direcci\u00f3n Provincial de Energ\u00eda de Corrientes (DPEC) informa que se interrumpir\u00e1 el suministro de energ\u00eda el\u00e9ctrica en la localidad de Paso de los Libres este martes 01\/10\/24 de 08:00 a 12:00 Hs., con el objetivo de realizar mejoras en el servicio. Las zonas afectadas ser\u00e1n:<\/p>\n","protected":false},"author":2,"featured_media":16810,"comment_status":"closed","ping_status":"open","sticky":false,"template":"","format":"standard","meta":{"footnotes":""},"categories":[5],"tags":[511],"class_list":{"0":"post-18983","1":"post","2":"type-post","3":"status-publish","4":"format-standard","5":"has-post-thumbnail","7":"category-locales","8":"tag-bloque-2"},"_links":{"self":[{"href":"https:\/\/zoomproducciones.com.ar\/zoomp\/wp-json\/wp\/v2\/posts\/18983","targetHints":{"allow":["GET"]}}],"collection":[{"href":"https:\/\/zoomproducciones.com.ar\/zoomp\/wp-json\/wp\/v2\/posts"}],"about":[{"href":"https:\/\/zoomproducciones.com.ar\/zoomp\/wp-json\/wp\/v2\/types\/post"}],"author":[{"embeddable":true,"href":"https:\/\/zoomproducciones.com.ar\/zoomp\/wp-json\/wp\/v2\/users\/2"}],"replies":[{"embeddable":true,"href":"https:\/\/zoomproducciones.com.ar\/zoomp\/wp-json\/wp\/v2\/comments?post=18983"}],"version-history":[{"count":1,"href":"https:\/\/zoomproducciones.com.ar\/zoomp\/wp-json\/wp\/v2\/posts\/18983\/revisions"}],"predecessor-version":[{"id":18984,"href":"https:\/\/zoomproducciones.com.ar\/zoomp\/wp-json\/wp\/v2\/posts\/18983\/revisions\/18984"}],"wp:featuredmedia":[{"embeddable":true,"href":"https:\/\/zoomproducciones.com.ar\/zoomp\/wp-json\/wp\/v2\/media\/16810"}],"wp:attachment":[{"href":"https:\/\/zoomproducciones.com.ar\/zoomp\/wp-json\/wp\/v2\/media?parent=18983"}],"wp:term":[{"taxonomy":"category","embeddable":true,"href":"https:\/\/zoomproducciones.com.ar\/zoomp\/wp-json\/wp\/v2\/categories?post=18983"},{"taxonomy":"post_tag","embeddable":true,"href":"https:\/\/zoomproducciones.com.ar\/zoomp\/wp-json\/wp\/v2\/tags?post=18983"}],"curies":[{"name":"wp","href":"https:\/\/api.w.org\/{rel}","templated":true}]}}