{"id":18979,"date":"2024-10-01T07:23:51","date_gmt":"2024-10-01T10:23:51","guid":{"rendered":"http:\/\/zoomproducciones.com.ar\/zoomp\/?p=18979"},"modified":"2024-10-01T07:23:52","modified_gmt":"2024-10-01T10:23:52","slug":"valdes-sobre-el-gobierno-nacional-no-somos-chupamedias-respondemos-a-los-correntinos","status":"publish","type":"post","link":"https:\/\/zoomproducciones.com.ar\/zoomp\/valdes-sobre-el-gobierno-nacional-no-somos-chupamedias-respondemos-a-los-correntinos\/","title":{"rendered":"Vald\u00e9s sobre el Gobierno Nacional: \u00abNo somos chupamedias, respondemos a los correntinos\u00bb"},"content":{"rendered":"\n<p>El gobernador Gustavo Vald\u00e9s encabez\u00f3 la entrega de maquinaria para la Direcci\u00f3n de Vialidad Provincial en la Costanera Sur Juan Pablo II de Corrientes. Tras el acto, dialog\u00f3 con la prensa y se refiri\u00f3 a la situaci\u00f3n de las rutas, la construcci\u00f3n de viviendas y la inversi\u00f3n provincial en infraestructura.<\/p>\n\n\n\n<p>En relaci\u00f3n a la gobernabilidad y las necesidades de la provincia, Vald\u00e9s fue contundente: \u00abNosotros no somos chupamedias, ni alcahuetes, decimos exactamente lo que necesitamos los correntinos. Primero, estamos los correntinos, necesitamos resolver nuestras cuestiones como provincia y nos debemos a nuestros ciudadanos\u00bb.<\/p>\n\n\n\n<p>El gobernador tambi\u00e9n critic\u00f3 a quienes \u00ables gusta m\u00e1s responder a Buenos Aires que a Corrientes\u00bb, asegurando que \u00e9l \u00abseguir\u00e1 respondiendo a los correntinos\u00bb.<\/p>\n\n\n\n<p>Sobre la situaci\u00f3n de las rutas, Vald\u00e9s advirti\u00f3 que \u00abtransitar por las rutas nacionales se est\u00e1 convirtiendo en algo muy peligroso\u00bb y destac\u00f3 la inversi\u00f3n provincial en infraestructura vial.<\/p>\n\n\n\n<p>En cuanto a la obra p\u00fablica, anunci\u00f3 que la provincia invertir\u00e1 para finalizar las viviendas abandonadas por el Gobierno Nacional: \u00abNecesitamos tener viviendas y vamos a poner la plata para terminar esas viviendas que quedaron abandonadas\u00bb. Se trata de un presupuesto de entre 38.000 y 40.000 millones de pesos que \u00abla provincia va a asumir con alegr\u00eda porque es para los correntinos\u00bb, explic\u00f3.<\/p>\n\n\n\n<p>El mandatario tambi\u00e9n destac\u00f3 la inversi\u00f3n de dos millones de d\u00f3lares para la recuperaci\u00f3n del material vial de la provincia, asegurando la transitabilidad en rutas provinciales y obras en el interior.<\/p>\n\n\n\n<p>Finalmente, Vald\u00e9s reiter\u00f3 la necesidad de una buena administraci\u00f3n y una discusi\u00f3n con el Gobierno Nacional sobre los fondos de asignaci\u00f3n espec\u00edfica para rutas y viviendas: \u00abQue ellos no hagan viviendas, no quiere decir que se van a quedar con los fondos. \u00c9stos no son de la Naci\u00f3n, son fondos espec\u00edficos que deben ser distribuidos de manera justa y equitativa\u00bb, concluy\u00f3.<\/p>\n","protected":false},"excerpt":{"rendered":"<p>El gobernador Gustavo Vald\u00e9s encabez\u00f3 la entrega de maquinaria para la Direcci\u00f3n de Vialidad Provincial en la Costanera Sur Juan Pablo II de Corrientes. Tras el acto, dialog\u00f3 con la prensa y se refiri\u00f3 a la situaci\u00f3n de las rutas, la construcci\u00f3n de viviendas y la inversi\u00f3n provincial en infraestructura. En relaci\u00f3n a la gobernabilidad [&hellip;]<\/p>\n","protected":false},"author":2,"featured_media":18981,"comment_status":"closed","ping_status":"open","sticky":false,"template":"","format":"standard","meta":{"footnotes":""},"categories":[3],"tags":[511],"class_list":{"0":"post-18979","1":"post","2":"type-post","3":"status-publish","4":"format-standard","5":"has-post-thumbnail","7":"category-provinciales","8":"tag-bloque-2"},"_links":{"self":[{"href":"https:\/\/zoomproducciones.com.ar\/zoomp\/wp-json\/wp\/v2\/posts\/18979","targetHints":{"allow":["GET"]}}],"collection":[{"href":"https:\/\/zoomproducciones.com.ar\/zoomp\/wp-json\/wp\/v2\/posts"}],"about":[{"href":"https:\/\/zoomproducciones.com.ar\/zoomp\/wp-json\/wp\/v2\/types\/post"}],"author":[{"embeddable":true,"href":"https:\/\/zoomproducciones.com.ar\/zoomp\/wp-json\/wp\/v2\/users\/2"}],"replies":[{"embeddable":true,"href":"https:\/\/zoomproducciones.com.ar\/zoomp\/wp-json\/wp\/v2\/comments?post=18979"}],"version-history":[{"count":1,"href":"https:\/\/zoomproducciones.com.ar\/zoomp\/wp-json\/wp\/v2\/posts\/18979\/revisions"}],"predecessor-version":[{"id":18982,"href":"https:\/\/zoomproducciones.com.ar\/zoomp\/wp-json\/wp\/v2\/posts\/18979\/revisions\/18982"}],"wp:featuredmedia":[{"embeddable":true,"href":"https:\/\/zoomproducciones.com.ar\/zoomp\/wp-json\/wp\/v2\/media\/18981"}],"wp:attachment":[{"href":"https:\/\/zoomproducciones.com.ar\/zoomp\/wp-json\/wp\/v2\/media?parent=18979"}],"wp:term":[{"taxonomy":"category","embeddable":true,"href":"https:\/\/zoomproducciones.com.ar\/zoomp\/wp-json\/wp\/v2\/categories?post=18979"},{"taxonomy":"post_tag","embeddable":true,"href":"https:\/\/zoomproducciones.com.ar\/zoomp\/wp-json\/wp\/v2\/tags?post=18979"}],"curies":[{"name":"wp","href":"https:\/\/api.w.org\/{rel}","templated":true}]}}