{"id":1897,"date":"2022-11-29T10:32:20","date_gmt":"2022-11-29T13:32:20","guid":{"rendered":"http:\/\/zoomproducciones.com.ar\/zoomp\/?p=1897"},"modified":"2022-11-29T10:33:04","modified_gmt":"2022-11-29T13:33:04","slug":"cristina-fernandez-este-tribunal-es-un-piloton-de-fusilamiento","status":"publish","type":"post","link":"https:\/\/zoomproducciones.com.ar\/zoomp\/cristina-fernandez-este-tribunal-es-un-piloton-de-fusilamiento\/","title":{"rendered":"Cristina Fern\u00e1ndez: \u00bbeste Tribunal es un pilot\u00f3n de fusilamiento\u00bb"},"content":{"rendered":"\n<p>La vicepresidenta Cristina Fern\u00e1ndez de Kirchner public\u00f3 v\u00eda redes sociales una lista de &#8217;20 mentiras de la causa Vialiadad&#8217; y afirm\u00f3 que el Tribunal Oral Federal 2 que la juzga es un \u00abpelot\u00f3n de fusilamiento\u00bb. El Tribunal dar\u00e1 a conocer el pr\u00f3ximo 6 de diciembre el veredicto en el juicio por supuestos delitos con la obra p\u00fablica en Santa Cruz que se sigue a 13 acusados, entre ellos la vicepresidenta Cristina Fern\u00e1ndez de Kirchner.<\/p>\n\n\n\n<p>\u00abCuando habl\u00e9 de &#8216;lawfare&#8217; fui muy generosa; este tribunal es un pelot\u00f3n de fusilamiento\u00bb, dijo la Vicepresidenta, quien se dirigi\u00f3 desde pasadas las 9:30 a los jueces del Tribunal Oral Federal 2 desde su despacho en el Senado Nacional, en la \u00faltima instancia antes de fijar fecha para el veredicto.<\/p>\n\n\n\n<p>En sus&nbsp;<strong>\u00abpalabras finales\u00bb<\/strong>&nbsp;en el juicio por el supuesto direccionamiento de la obra p\u00fablica vial entre 2003 y 2015, Cristina Fern\u00e1ndez de Kirchner resalt\u00f3 que la detenida por el intento de asesinato en su contra, Brenda Uliarte, segu\u00eda en redes sociales al fiscal de juicio Diego Luciani, quien en su alegato durante 20 d\u00edas cont\u00f3 \u00abhechos inexistentes\u00bb mientras que se \u00abocultaron otros\u00bb, al hablar por \u00faltima vez ante el Tribunal Oral Federal 2<\/p>\n\n\n\n<p>\u00abSe demostr\u00f3 que cada una de las cosas que dijo el fiscal eran mentiras; no eran ciertas\u00bb, afirm\u00f3 la Vicepresidenta al brindar sus \u00ab\u00faltimas palabras\u00bb ante el tribunal.<\/p>\n\n\n\n<figure class=\"wp-block-image size-large\"><a href=\"http:\/\/zoomproducciones.com.ar\/zoomp\/wp-content\/uploads\/2022\/11\/image-22.png\"><img decoding=\"async\" src=\"http:\/\/zoomproducciones.com.ar\/zoomp\/wp-content\/uploads\/2022\/11\/image-22-1024x576.png\" alt=\"\" class=\"wp-image-1898\"\/><\/a><\/figure>\n\n\n\n<p>La Vicepresidenta cuestion\u00f3 que se considere una asociaci\u00f3n il\u00edcita a un Gobierno elegido tres veces \u00abdemocr\u00e1ticamente\u00bb mientras que \u00aben Comodoro Py no se considera que mi muerte, mi asesinato, puede ser un acto de conmoci\u00f3n p\u00fablica\u00bb, al brindar sus \u00faltimas palabras ante el Tribunal que la juzga por la denominada causa Vialidad.<\/p>\n\n\n\n<p>\u00abEntonces se suma una causa por ac\u00e1, otra por all\u00e1 y nada de asociaci\u00f3n il\u00edcita\u00bb, dijo la Vicepresidenta en relaci\u00f3n a la investigaci\u00f3n del intento de magnicidio cometido en su contra el 1 de septiembre pasado.<\/p>\n\n\n\n<p>\u00abComodoro Py ha tenido una actividad disciplinadora de la clase pol\u00edtica\u00bb, dijo Fern\u00e1ndez y agreg\u00f3 que \u00abeste pelot\u00f3n de fusilamiento tiene por objeto estigmatizar a un espacio pol\u00edtico y a quien tiene el mayor grado de representaci\u00f3n de ese espacio\u00bb.<\/p>\n\n\n\n<p>\u00abHoy &#8211; continu\u00f3- el partido judicial cumple el rol de condicionar, obturar, posibilidades de expresi\u00f3n y estigmatizar y disciplinar a los dirigentes en la Rep\u00fablica Argentina\u00bb, sostuvo la Vicepresidenta, al remarcar que \u00abla sentencia estaba escrita\u00bb y considerar que \u00abla estigmatizaci\u00f3n es para que nunca nadie vuelva a atreverse a hacer las cosas que hicimos como pagarle al Fondo, recuperar las AFJP y tambi\u00e9n YPF\u00bb.<\/p>\n\n\n\n<p><strong>El Tribunal Oral Federal 2 dar\u00e1 a conocer el pr\u00f3ximo 6 de diciembre el veredicto en el juicio por supuestos delitos con la obra p\u00fablica en Santa Cruz que se sigue a 13 acusados, entre ellos la vicepresidenta Cristina Fern\u00e1ndez de Kirchner.<\/strong><\/p>\n","protected":false},"excerpt":{"rendered":"<p>La vicepresidenta Cristina Fern\u00e1ndez de Kirchner public\u00f3 v\u00eda redes sociales una lista de &#8217;20 mentiras de la causa Vialiadad&#8217; y afirm\u00f3 que el Tribunal Oral Federal 2 que la juzga es un \u00abpelot\u00f3n de fusilamiento\u00bb. El Tribunal dar\u00e1 a conocer el pr\u00f3ximo 6 de diciembre el veredicto en el juicio por supuestos delitos con la [&hellip;]<\/p>\n","protected":false},"author":2,"featured_media":0,"comment_status":"closed","ping_status":"open","sticky":false,"template":"","format":"standard","meta":{"footnotes":""},"categories":[6],"tags":[118,145,42],"class_list":{"0":"post-1897","1":"post","2":"type-post","3":"status-publish","4":"format-standard","6":"category-infogral","7":"tag-argentina","8":"tag-cristina-fernandez","9":"tag-featured"},"_links":{"self":[{"href":"https:\/\/zoomproducciones.com.ar\/zoomp\/wp-json\/wp\/v2\/posts\/1897","targetHints":{"allow":["GET"]}}],"collection":[{"href":"https:\/\/zoomproducciones.com.ar\/zoomp\/wp-json\/wp\/v2\/posts"}],"about":[{"href":"https:\/\/zoomproducciones.com.ar\/zoomp\/wp-json\/wp\/v2\/types\/post"}],"author":[{"embeddable":true,"href":"https:\/\/zoomproducciones.com.ar\/zoomp\/wp-json\/wp\/v2\/users\/2"}],"replies":[{"embeddable":true,"href":"https:\/\/zoomproducciones.com.ar\/zoomp\/wp-json\/wp\/v2\/comments?post=1897"}],"version-history":[{"count":1,"href":"https:\/\/zoomproducciones.com.ar\/zoomp\/wp-json\/wp\/v2\/posts\/1897\/revisions"}],"predecessor-version":[{"id":1899,"href":"https:\/\/zoomproducciones.com.ar\/zoomp\/wp-json\/wp\/v2\/posts\/1897\/revisions\/1899"}],"wp:attachment":[{"href":"https:\/\/zoomproducciones.com.ar\/zoomp\/wp-json\/wp\/v2\/media?parent=1897"}],"wp:term":[{"taxonomy":"category","embeddable":true,"href":"https:\/\/zoomproducciones.com.ar\/zoomp\/wp-json\/wp\/v2\/categories?post=1897"},{"taxonomy":"post_tag","embeddable":true,"href":"https:\/\/zoomproducciones.com.ar\/zoomp\/wp-json\/wp\/v2\/tags?post=1897"}],"curies":[{"name":"wp","href":"https:\/\/api.w.org\/{rel}","templated":true}]}}