{"id":18963,"date":"2024-10-01T07:06:01","date_gmt":"2024-10-01T10:06:01","guid":{"rendered":"http:\/\/zoomproducciones.com.ar\/zoomp\/?p=18963"},"modified":"2024-10-01T07:06:02","modified_gmt":"2024-10-01T10:06:02","slug":"cristina-kirchner-invita-a-los-jovenes-a-participar-de-la-marcha-federal-universitaria","status":"publish","type":"post","link":"https:\/\/zoomproducciones.com.ar\/zoomp\/cristina-kirchner-invita-a-los-jovenes-a-participar-de-la-marcha-federal-universitaria\/","title":{"rendered":"Cristina Kirchner invita a los j\u00f3venes a participar de la marcha federal universitaria"},"content":{"rendered":"\n<p>En un video difundido por la intendenta de Quilmes, Mayra Mendoza, Cristina Kirchner advirti\u00f3 sobre el peligro que corren los j\u00f3venes estudiantes argentinos ante las medidas de ajuste que lleva adelante el gobierno de Javier Milei.<\/p>\n\n\n\n<p>En un mensaje dedicado a la Universidad Nacional de Quilmes por su 35\u00b0 aniversario, la ex presidenta inst\u00f3 a los estudiantes a participar en la marcha federal del 2 de octubre en el Congreso de la Naci\u00f3n. La marcha se llevar\u00e1 a cabo en protesta por el veto que Milei anunci\u00f3 que publicar\u00e1 en contra de la Ley de Financiamiento Universitario.<\/p>\n\n\n\n<p>\u201cMarchar\u00e1n no s\u00f3lo por su presente, sino tambi\u00e9n por su futuro\u201d, enfatiz\u00f3 Cristina Kirchner en el video, que dura poco m\u00e1s de un minuto.<\/p>\n\n\n\n<p>La ex mandataria convoc\u00f3 a la movilizaci\u00f3n en un momento en que la Universidad Nacional de Quilmes celebra su 35\u00b0 aniversario, destacando la importancia de la educaci\u00f3n p\u00fablica y el futuro de los estudiantes.<\/p>\n\n\n\n<p>La marcha del 2 de octubre busca generar presi\u00f3n sobre el gobierno de Milei para que reconsidere su decisi\u00f3n de vetar la ley que garantiza el financiamiento de las universidades p\u00fablicas. Se espera que la movilizaci\u00f3n re\u00fana a miles de estudiantes de todo el pa\u00eds.<\/p>\n","protected":false},"excerpt":{"rendered":"<p>En un video difundido por la intendenta de Quilmes, Mayra Mendoza, Cristina Kirchner advirti\u00f3 sobre el peligro que corren los j\u00f3venes estudiantes argentinos ante las medidas de ajuste que lleva adelante el gobierno de Javier Milei. En un mensaje dedicado a la Universidad Nacional de Quilmes por su 35\u00b0 aniversario, la ex presidenta inst\u00f3 a [&hellip;]<\/p>\n","protected":false},"author":2,"featured_media":18966,"comment_status":"closed","ping_status":"open","sticky":false,"template":"","format":"standard","meta":{"footnotes":""},"categories":[8],"tags":[511],"class_list":{"0":"post-18963","1":"post","2":"type-post","3":"status-publish","4":"format-standard","5":"has-post-thumbnail","7":"category-nacionales","8":"tag-bloque-2"},"_links":{"self":[{"href":"https:\/\/zoomproducciones.com.ar\/zoomp\/wp-json\/wp\/v2\/posts\/18963","targetHints":{"allow":["GET"]}}],"collection":[{"href":"https:\/\/zoomproducciones.com.ar\/zoomp\/wp-json\/wp\/v2\/posts"}],"about":[{"href":"https:\/\/zoomproducciones.com.ar\/zoomp\/wp-json\/wp\/v2\/types\/post"}],"author":[{"embeddable":true,"href":"https:\/\/zoomproducciones.com.ar\/zoomp\/wp-json\/wp\/v2\/users\/2"}],"replies":[{"embeddable":true,"href":"https:\/\/zoomproducciones.com.ar\/zoomp\/wp-json\/wp\/v2\/comments?post=18963"}],"version-history":[{"count":1,"href":"https:\/\/zoomproducciones.com.ar\/zoomp\/wp-json\/wp\/v2\/posts\/18963\/revisions"}],"predecessor-version":[{"id":18968,"href":"https:\/\/zoomproducciones.com.ar\/zoomp\/wp-json\/wp\/v2\/posts\/18963\/revisions\/18968"}],"wp:featuredmedia":[{"embeddable":true,"href":"https:\/\/zoomproducciones.com.ar\/zoomp\/wp-json\/wp\/v2\/media\/18966"}],"wp:attachment":[{"href":"https:\/\/zoomproducciones.com.ar\/zoomp\/wp-json\/wp\/v2\/media?parent=18963"}],"wp:term":[{"taxonomy":"category","embeddable":true,"href":"https:\/\/zoomproducciones.com.ar\/zoomp\/wp-json\/wp\/v2\/categories?post=18963"},{"taxonomy":"post_tag","embeddable":true,"href":"https:\/\/zoomproducciones.com.ar\/zoomp\/wp-json\/wp\/v2\/tags?post=18963"}],"curies":[{"name":"wp","href":"https:\/\/api.w.org\/{rel}","templated":true}]}}