{"id":18948,"date":"2024-09-30T08:41:46","date_gmt":"2024-09-30T11:41:46","guid":{"rendered":"http:\/\/zoomproducciones.com.ar\/zoomp\/?p=18948"},"modified":"2024-09-30T08:41:46","modified_gmt":"2024-09-30T11:41:46","slug":"corrientes-y-chaco-se-unen-en-la-marcha-federal-universitaria-por-la-defensa-de-la-educacion-publica","status":"publish","type":"post","link":"https:\/\/zoomproducciones.com.ar\/zoomp\/corrientes-y-chaco-se-unen-en-la-marcha-federal-universitaria-por-la-defensa-de-la-educacion-publica\/","title":{"rendered":"Corrientes y Chaco se unen en la Marcha Federal Universitaria por la defensa de la educaci\u00f3n p\u00fablica"},"content":{"rendered":"\n<p>El pr\u00f3ximo 2 de octubre, Corrientes y Chaco se unir\u00e1n en la segunda edici\u00f3n de la Marcha Federal Universitaria para reclamar por la situaci\u00f3n del sistema cient\u00edfico y universitario argentino. La movilizaci\u00f3n, que tendr\u00e1 como punto de encuentro el Parque Mitre de Corrientes, contar\u00e1 con la participaci\u00f3n de columnas de manifestantes que saldr\u00e1n desde Resistencia y diferentes puntos de Corrientes.<\/p>\n\n\n\n<p>La jornada comenzar\u00e1 a las 14:30 horas en Resistencia, con la salida de una columna desde el Campus de la UNNE en Avenida Las Heras 727. La caravana cruzar\u00e1 el puente General Manuel Belgrano y se dirigir\u00e1 hacia el Parque Mitre en Corrientes, donde se concentrar\u00e1 a las 16:00 horas.<\/p>\n\n\n\n<p>Al mismo tiempo, otras columnas partir\u00e1n desde los Campus \u00abDeodoro Roca\u00bb y \u00abSargento Cabral\u00bb de la UNNE en Corrientes. Una vez reunidas en el Parque Mitre, las columnas marchar\u00e1n juntas por la costanera correntina hasta el Rectorado de la UNNE, donde a las 18:00 horas se realizar\u00e1 un abrazo simb\u00f3lico y se leer\u00e1 un documento conjunto.<\/p>\n\n\n\n<p>El documento, elaborado por autoridades de la Universidad del Sol, referentes del arco sindical y representantes estudiantiles, repasar\u00e1 la situaci\u00f3n actual del sistema educativo argentino, con especial \u00e9nfasis en el universitario, y renovar\u00e1 los reclamos para el sostenimiento de las universidades y del sistema cient\u00edfico nacional.<\/p>\n\n\n\n<p>El texto, que adhiere al documento \u00abPara seguir siendo una Naci\u00f3n. S\u00ed al financiamiento universitario\u00bb del CIN, denuncia la profundizaci\u00f3n del desfinanciamiento y la desjerarquizaci\u00f3n del sistema cient\u00edfico y universitario.<\/p>\n\n\n\n<p>Entre las principales preocupaciones se encuentran la falta de actualizaci\u00f3n salarial para docentes y no docentes, la consolidaci\u00f3n del presupuesto universitario, la amenaza de veto a la Ley de Financiamiento Universitario y la insuficiencia de recursos para las universidades en el Presupuesto Nacional 2025.<\/p>\n\n\n\n<p>Las autoridades universitarias lamentan la falta de di\u00e1logo por parte de las autoridades nacionales, a pesar de haberlas puesto \u00aba disposici\u00f3n para la b\u00fasqueda de soluciones\u00bb.<\/p>\n","protected":false},"excerpt":{"rendered":"<p>El pr\u00f3ximo 2 de octubre, Corrientes y Chaco se unir\u00e1n en la segunda edici\u00f3n de la Marcha Federal Universitaria para reclamar por la situaci\u00f3n del sistema cient\u00edfico y universitario argentino. La movilizaci\u00f3n, que tendr\u00e1 como punto de encuentro el Parque Mitre de Corrientes, contar\u00e1 con la participaci\u00f3n de columnas de manifestantes que saldr\u00e1n desde Resistencia [&hellip;]<\/p>\n","protected":false},"author":2,"featured_media":18949,"comment_status":"closed","ping_status":"open","sticky":false,"template":"","format":"standard","meta":{"footnotes":""},"categories":[3],"tags":[511],"class_list":{"0":"post-18948","1":"post","2":"type-post","3":"status-publish","4":"format-standard","5":"has-post-thumbnail","7":"category-provinciales","8":"tag-bloque-2"},"_links":{"self":[{"href":"https:\/\/zoomproducciones.com.ar\/zoomp\/wp-json\/wp\/v2\/posts\/18948","targetHints":{"allow":["GET"]}}],"collection":[{"href":"https:\/\/zoomproducciones.com.ar\/zoomp\/wp-json\/wp\/v2\/posts"}],"about":[{"href":"https:\/\/zoomproducciones.com.ar\/zoomp\/wp-json\/wp\/v2\/types\/post"}],"author":[{"embeddable":true,"href":"https:\/\/zoomproducciones.com.ar\/zoomp\/wp-json\/wp\/v2\/users\/2"}],"replies":[{"embeddable":true,"href":"https:\/\/zoomproducciones.com.ar\/zoomp\/wp-json\/wp\/v2\/comments?post=18948"}],"version-history":[{"count":1,"href":"https:\/\/zoomproducciones.com.ar\/zoomp\/wp-json\/wp\/v2\/posts\/18948\/revisions"}],"predecessor-version":[{"id":18950,"href":"https:\/\/zoomproducciones.com.ar\/zoomp\/wp-json\/wp\/v2\/posts\/18948\/revisions\/18950"}],"wp:featuredmedia":[{"embeddable":true,"href":"https:\/\/zoomproducciones.com.ar\/zoomp\/wp-json\/wp\/v2\/media\/18949"}],"wp:attachment":[{"href":"https:\/\/zoomproducciones.com.ar\/zoomp\/wp-json\/wp\/v2\/media?parent=18948"}],"wp:term":[{"taxonomy":"category","embeddable":true,"href":"https:\/\/zoomproducciones.com.ar\/zoomp\/wp-json\/wp\/v2\/categories?post=18948"},{"taxonomy":"post_tag","embeddable":true,"href":"https:\/\/zoomproducciones.com.ar\/zoomp\/wp-json\/wp\/v2\/tags?post=18948"}],"curies":[{"name":"wp","href":"https:\/\/api.w.org\/{rel}","templated":true}]}}