{"id":18936,"date":"2024-09-30T08:28:26","date_gmt":"2024-09-30T11:28:26","guid":{"rendered":"http:\/\/zoomproducciones.com.ar\/zoomp\/?p=18936"},"modified":"2024-09-30T08:28:26","modified_gmt":"2024-09-30T11:28:26","slug":"negocios-cerrados-por-el-dia-del-empleado-de-comercio-un-fin-de-semana-largo-para-el-sector","status":"publish","type":"post","link":"https:\/\/zoomproducciones.com.ar\/zoomp\/negocios-cerrados-por-el-dia-del-empleado-de-comercio-un-fin-de-semana-largo-para-el-sector\/","title":{"rendered":"Negocios cerrados por el D\u00eda del Empleado de Comercio: un fin de semana largo para el sector"},"content":{"rendered":"\n<p>Este lunes 30 de septiembre, los comercios de todo el pa\u00eds permanecer\u00e1n cerrados en conmemoraci\u00f3n del D\u00eda del Empleado de Comercio. Si bien la fecha tradicional es el 26 de septiembre, este a\u00f1o se traslad\u00f3 el feriado al lunes para brindar un fin de semana largo a los trabajadores del sector.<\/p>\n\n\n\n<p>La medida fue anunciada con anticipaci\u00f3n, con carteles visibles en los locales comerciales para que los clientes pudieran realizar sus compras con tiempo y los empleados disfrutaran del d\u00eda libre. El cierre abarca supermercados, tiendas de ropa, bazares y shoppings.<\/p>\n\n\n\n<p>El feriado aplica a todos los empleados de comercio que trabajan bajo el Convenio Colectivo de Trabajo (CCT) 130\/75, incluyendo trabajadores de diferentes \u00e1reas, desde administrativos hasta vendedores, maestranza y personal de servicios.<\/p>\n\n\n\n<p>Este d\u00eda se conmemora la firma del primer convenio colectivo de trabajo para los empleados del sector comercial, que tuvo lugar el 26 de septiembre de 1934. Este convenio, establecido por la Ley 26.541 sancionada en 2009, marc\u00f3 un hito en la lucha por los derechos laborales del sector, estableciendo mejores condiciones de trabajo y garantizando derechos fundamentales como salarios justos y jornadas laborales reguladas.<\/p>\n\n\n\n<p>Para celebrar este d\u00eda, los trabajadores del sector afiliados al sindicato se reunieron anoche en una de las sedes de la instituci\u00f3n, disfrutando de una gran cena, m\u00fasica en vivo, sorteos y actividades especiales.<\/p>\n","protected":false},"excerpt":{"rendered":"<p>Este lunes 30 de septiembre, los comercios de todo el pa\u00eds permanecer\u00e1n cerrados en conmemoraci\u00f3n del D\u00eda del Empleado de Comercio. Si bien la fecha tradicional es el 26 de septiembre, este a\u00f1o se traslad\u00f3 el feriado al lunes para brindar un fin de semana largo a los trabajadores del sector. La medida fue anunciada [&hellip;]<\/p>\n","protected":false},"author":2,"featured_media":18941,"comment_status":"closed","ping_status":"open","sticky":false,"template":"","format":"standard","meta":{"footnotes":""},"categories":[5],"tags":[511],"class_list":{"0":"post-18936","1":"post","2":"type-post","3":"status-publish","4":"format-standard","5":"has-post-thumbnail","7":"category-locales","8":"tag-bloque-2"},"_links":{"self":[{"href":"https:\/\/zoomproducciones.com.ar\/zoomp\/wp-json\/wp\/v2\/posts\/18936","targetHints":{"allow":["GET"]}}],"collection":[{"href":"https:\/\/zoomproducciones.com.ar\/zoomp\/wp-json\/wp\/v2\/posts"}],"about":[{"href":"https:\/\/zoomproducciones.com.ar\/zoomp\/wp-json\/wp\/v2\/types\/post"}],"author":[{"embeddable":true,"href":"https:\/\/zoomproducciones.com.ar\/zoomp\/wp-json\/wp\/v2\/users\/2"}],"replies":[{"embeddable":true,"href":"https:\/\/zoomproducciones.com.ar\/zoomp\/wp-json\/wp\/v2\/comments?post=18936"}],"version-history":[{"count":1,"href":"https:\/\/zoomproducciones.com.ar\/zoomp\/wp-json\/wp\/v2\/posts\/18936\/revisions"}],"predecessor-version":[{"id":18942,"href":"https:\/\/zoomproducciones.com.ar\/zoomp\/wp-json\/wp\/v2\/posts\/18936\/revisions\/18942"}],"wp:featuredmedia":[{"embeddable":true,"href":"https:\/\/zoomproducciones.com.ar\/zoomp\/wp-json\/wp\/v2\/media\/18941"}],"wp:attachment":[{"href":"https:\/\/zoomproducciones.com.ar\/zoomp\/wp-json\/wp\/v2\/media?parent=18936"}],"wp:term":[{"taxonomy":"category","embeddable":true,"href":"https:\/\/zoomproducciones.com.ar\/zoomp\/wp-json\/wp\/v2\/categories?post=18936"},{"taxonomy":"post_tag","embeddable":true,"href":"https:\/\/zoomproducciones.com.ar\/zoomp\/wp-json\/wp\/v2\/tags?post=18936"}],"curies":[{"name":"wp","href":"https:\/\/api.w.org\/{rel}","templated":true}]}}