{"id":18931,"date":"2024-09-30T08:13:41","date_gmt":"2024-09-30T11:13:41","guid":{"rendered":"http:\/\/zoomproducciones.com.ar\/zoomp\/?p=18931"},"modified":"2024-09-30T08:13:41","modified_gmt":"2024-09-30T11:13:41","slug":"francos-se-reune-con-la-cgt-para-intentar-calmar-la-tension-tras-la-reforma-laboral","status":"publish","type":"post","link":"https:\/\/zoomproducciones.com.ar\/zoomp\/francos-se-reune-con-la-cgt-para-intentar-calmar-la-tension-tras-la-reforma-laboral\/","title":{"rendered":"Francos se re\u00fane con la CGT para intentar calmar la tensi\u00f3n tras la reforma laboral"},"content":{"rendered":"\n<p>El jefe de Gabinete, Guillermo Francos, recibir\u00e1 este lunes a las 17 horas en la Casa Rosada a la c\u00fapula de la CGT, en un intento por aplacar la tensi\u00f3n con el sindicalismo tras la reglamentaci\u00f3n de la reforma laboral.<\/p>\n\n\n\n<p>La reuni\u00f3n, que ser\u00e1 encabezada por el cotitular de la CGT H\u00e9ctor Daer, contar\u00e1 con la participaci\u00f3n de importantes referentes sindicales, como Carlos Acu\u00f1a, Andr\u00e9s Rodr\u00edguez, Gerardo Mart\u00ednez, Jos\u00e9 Luis Lingeri, Jorge Sola, Sergio Romero, Marina Jaureguiberry, Maia Volcovinsky y Argentino Geneiro. Sin embargo, no se espera la presencia de Pablo Moyano, otro de los cotitulares y representante del sector m\u00e1s cr\u00edtico de la organizaci\u00f3n.<\/p>\n\n\n\n<p>La reglamentaci\u00f3n de la reforma laboral, que incluye medidas como el blanqueo de impuestos al trabajo, facilidades para la contrataci\u00f3n de trabajadores independientes y alternativas al cese laboral, ha generado fuertes cr\u00edticas por parte de la CGT.<\/p>\n\n\n\n<p>El conflicto por Aerol\u00edneas Argentinas tambi\u00e9n ha contribuido a tensar las relaciones entre el gobierno y la central obrera, que ya se hab\u00eda retirado del di\u00e1logo social promovido por la gesti\u00f3n.<\/p>\n\n\n\n<p>A pesar de la tensi\u00f3n, el gobierno ha realizado un gesto hacia los gremios al posponer el tratamiento en el Congreso de un proyecto de ley sobre democracia sindical impulsado por el PRO y la UCR.<\/p>\n\n\n\n<p>Esta iniciativa, que buscaba limitar la reelecci\u00f3n de dirigentes sindicales, eliminar la cuota solidaria y garantizar la representaci\u00f3n de las minor\u00edas, entre otros puntos, ha sido criticada por la CGT.<\/p>\n","protected":false},"excerpt":{"rendered":"<p>El jefe de Gabinete, Guillermo Francos, recibir\u00e1 este lunes a las 17 horas en la Casa Rosada a la c\u00fapula de la CGT, en un intento por aplacar la tensi\u00f3n con el sindicalismo tras la reglamentaci\u00f3n de la reforma laboral. La reuni\u00f3n, que ser\u00e1 encabezada por el cotitular de la CGT H\u00e9ctor Daer, contar\u00e1 con [&hellip;]<\/p>\n","protected":false},"author":2,"featured_media":18932,"comment_status":"closed","ping_status":"open","sticky":false,"template":"","format":"standard","meta":{"footnotes":""},"categories":[8],"tags":[511],"class_list":{"0":"post-18931","1":"post","2":"type-post","3":"status-publish","4":"format-standard","5":"has-post-thumbnail","7":"category-nacionales","8":"tag-bloque-2"},"_links":{"self":[{"href":"https:\/\/zoomproducciones.com.ar\/zoomp\/wp-json\/wp\/v2\/posts\/18931","targetHints":{"allow":["GET"]}}],"collection":[{"href":"https:\/\/zoomproducciones.com.ar\/zoomp\/wp-json\/wp\/v2\/posts"}],"about":[{"href":"https:\/\/zoomproducciones.com.ar\/zoomp\/wp-json\/wp\/v2\/types\/post"}],"author":[{"embeddable":true,"href":"https:\/\/zoomproducciones.com.ar\/zoomp\/wp-json\/wp\/v2\/users\/2"}],"replies":[{"embeddable":true,"href":"https:\/\/zoomproducciones.com.ar\/zoomp\/wp-json\/wp\/v2\/comments?post=18931"}],"version-history":[{"count":1,"href":"https:\/\/zoomproducciones.com.ar\/zoomp\/wp-json\/wp\/v2\/posts\/18931\/revisions"}],"predecessor-version":[{"id":18933,"href":"https:\/\/zoomproducciones.com.ar\/zoomp\/wp-json\/wp\/v2\/posts\/18931\/revisions\/18933"}],"wp:featuredmedia":[{"embeddable":true,"href":"https:\/\/zoomproducciones.com.ar\/zoomp\/wp-json\/wp\/v2\/media\/18932"}],"wp:attachment":[{"href":"https:\/\/zoomproducciones.com.ar\/zoomp\/wp-json\/wp\/v2\/media?parent=18931"}],"wp:term":[{"taxonomy":"category","embeddable":true,"href":"https:\/\/zoomproducciones.com.ar\/zoomp\/wp-json\/wp\/v2\/categories?post=18931"},{"taxonomy":"post_tag","embeddable":true,"href":"https:\/\/zoomproducciones.com.ar\/zoomp\/wp-json\/wp\/v2\/tags?post=18931"}],"curies":[{"name":"wp","href":"https:\/\/api.w.org\/{rel}","templated":true}]}}