{"id":18927,"date":"2024-09-30T08:13:45","date_gmt":"2024-09-30T11:13:45","guid":{"rendered":"http:\/\/zoomproducciones.com.ar\/zoomp\/?p=18927"},"modified":"2024-09-30T08:13:45","modified_gmt":"2024-09-30T11:13:45","slug":"milei-con-susana-si-la-crisis-hubiera-estallado-hoy-estariamos-hablando-de-un-95-de-pobres","status":"publish","type":"post","link":"https:\/\/zoomproducciones.com.ar\/zoomp\/milei-con-susana-si-la-crisis-hubiera-estallado-hoy-estariamos-hablando-de-un-95-de-pobres\/","title":{"rendered":"Milei con Susana: \u00absi la crisis hubiera estallado, hoy estar\u00edamos hablando de un 95% de pobres\u00bb"},"content":{"rendered":"\n<p>El presidente Javier Milei advirti\u00f3 este domingo que la crisis econ\u00f3mica heredada podr\u00eda haber generado un escenario de pobreza extremo. En declaraciones al programa de Susana Gim\u00e9nez, el mandatario afirm\u00f3 que \u00absi la crisis hubiera estallado, hoy estar\u00edamos hablando de un 95% de pobres\u00bb.<\/p>\n\n\n\n<p>Milei enfatiz\u00f3 que la pobreza no se soluciona de la noche a la ma\u00f1ana, descartando soluciones m\u00e1gicas y apelando a la necesidad de pol\u00edticas a largo plazo.<\/p>\n\n\n\n<p>\u00abLa pobreza no se genera ni se elimina en un d\u00eda\u00bb, se\u00f1al\u00f3, afirmando que su gobierno trabaja para revertir la situaci\u00f3n heredada.<\/p>\n\n\n\n<p>En otro punto, Milei tambi\u00e9n se refiri\u00f3 a su discurso en la ONU, asegurando que \u00abincomod\u00f3 a toda la progres\u00eda mundial\u00bb. En su intervenci\u00f3n ante la organizaci\u00f3n, el mandatario rechaz\u00f3 la agenda socialista, calific\u00e1ndola de \u00abcontraria a la vida\u00bb.<\/p>\n\n\n\n<p>Milei acus\u00f3 a la ONU de desviarse de sus principios fundacionales y de intentar construir un gobierno supranacional. Critic\u00f3 el fracaso del Objetivo del Milenio y de la Agenda 2030, promulgados por la organizaci\u00f3n.<\/p>\n","protected":false},"excerpt":{"rendered":"<p>El presidente Javier Milei advirti\u00f3 este domingo que la crisis econ\u00f3mica heredada podr\u00eda haber generado un escenario de pobreza extremo. En declaraciones al programa de Susana Gim\u00e9nez, el mandatario afirm\u00f3 que \u00absi la crisis hubiera estallado, hoy estar\u00edamos hablando de un 95% de pobres\u00bb. Milei enfatiz\u00f3 que la pobreza no se soluciona de la noche [&hellip;]<\/p>\n","protected":false},"author":2,"featured_media":18929,"comment_status":"closed","ping_status":"open","sticky":false,"template":"","format":"standard","meta":{"footnotes":""},"categories":[8],"tags":[511],"class_list":{"0":"post-18927","1":"post","2":"type-post","3":"status-publish","4":"format-standard","5":"has-post-thumbnail","7":"category-nacionales","8":"tag-bloque-2"},"_links":{"self":[{"href":"https:\/\/zoomproducciones.com.ar\/zoomp\/wp-json\/wp\/v2\/posts\/18927","targetHints":{"allow":["GET"]}}],"collection":[{"href":"https:\/\/zoomproducciones.com.ar\/zoomp\/wp-json\/wp\/v2\/posts"}],"about":[{"href":"https:\/\/zoomproducciones.com.ar\/zoomp\/wp-json\/wp\/v2\/types\/post"}],"author":[{"embeddable":true,"href":"https:\/\/zoomproducciones.com.ar\/zoomp\/wp-json\/wp\/v2\/users\/2"}],"replies":[{"embeddable":true,"href":"https:\/\/zoomproducciones.com.ar\/zoomp\/wp-json\/wp\/v2\/comments?post=18927"}],"version-history":[{"count":1,"href":"https:\/\/zoomproducciones.com.ar\/zoomp\/wp-json\/wp\/v2\/posts\/18927\/revisions"}],"predecessor-version":[{"id":18934,"href":"https:\/\/zoomproducciones.com.ar\/zoomp\/wp-json\/wp\/v2\/posts\/18927\/revisions\/18934"}],"wp:featuredmedia":[{"embeddable":true,"href":"https:\/\/zoomproducciones.com.ar\/zoomp\/wp-json\/wp\/v2\/media\/18929"}],"wp:attachment":[{"href":"https:\/\/zoomproducciones.com.ar\/zoomp\/wp-json\/wp\/v2\/media?parent=18927"}],"wp:term":[{"taxonomy":"category","embeddable":true,"href":"https:\/\/zoomproducciones.com.ar\/zoomp\/wp-json\/wp\/v2\/categories?post=18927"},{"taxonomy":"post_tag","embeddable":true,"href":"https:\/\/zoomproducciones.com.ar\/zoomp\/wp-json\/wp\/v2\/tags?post=18927"}],"curies":[{"name":"wp","href":"https:\/\/api.w.org\/{rel}","templated":true}]}}