{"id":18926,"date":"2024-09-30T08:11:13","date_gmt":"2024-09-30T11:11:13","guid":{"rendered":"http:\/\/zoomproducciones.com.ar\/zoomp\/?p=18926"},"modified":"2024-09-30T08:11:14","modified_gmt":"2024-09-30T11:11:14","slug":"dibu-martinez-se-defiende-tras-sancion-de-conmebol-nunca-fue-mi-intencion-faltar-el-respeto","status":"publish","type":"post","link":"https:\/\/zoomproducciones.com.ar\/zoomp\/dibu-martinez-se-defiende-tras-sancion-de-conmebol-nunca-fue-mi-intencion-faltar-el-respeto\/","title":{"rendered":"\u00abDibu\u00bb Mart\u00ednez se defiende tras sanci\u00f3n de Conmebol: \u00abNunca fue mi intenci\u00f3n faltar el respeto\u00bb"},"content":{"rendered":"\n<p>Emiliano \u00abDibu\u00bb Mart\u00ednez, arquero titular de la Selecci\u00f3n Argentina, se pronunci\u00f3 a trav\u00e9s de sus redes sociales luego de ser suspendido por dos partidos de las Eliminatorias Sudamericanas. La Conmebol sancion\u00f3 al guardameta por \u00abcomportamiento ofensivo y violaci\u00f3n del juego limpio\u00bb en los partidos ante Chile y Colombia de la \u00faltima ventana internacional.<\/p>\n\n\n\n<p>Mart\u00ednez, que tuvo un gran inicio de temporada con el Aston Villa, se perder\u00e1 los pr\u00f3ximos encuentros ante Venezuela y Bolivia. La sanci\u00f3n se basa en gestos considerados obscenos durante la celebraci\u00f3n de la Copa Am\u00e9rica y un golpe a una c\u00e1mara tras la derrota ante Colombia.<\/p>\n\n\n\n<p>\u00abNunca fue mi intenci\u00f3n faltarle el respeto a nadie\u00bb, asegur\u00f3 el \u00abDibu\u00bb en su mensaje, reconociendo que \u00abel momento de celebraci\u00f3n es para hacer sonre\u00edr a muchos chicos y no faltar el respeto a nadie\u00bb. Mart\u00ednez tambi\u00e9n se disculp\u00f3 por si su comportamiento \u00abofendi\u00f3 a alguien\u00bb y expres\u00f3 su apoyo a la Selecci\u00f3n en los pr\u00f3ximos partidos, lamentando no poder estar presente.<\/p>\n\n\n\n<p>\u00abTratar\u00e9 de no ofender m\u00e1s a nadie y solo enfocarme en ganar t\u00edtulos con Argentina y Aston Villa\u00bb, agreg\u00f3 el arquero.<\/p>\n\n\n\n<h2 class=\"wp-block-heading\">Argentina sin su arquero titular en los pr\u00f3ximos partidos<\/h2>\n\n\n\n<p>La Selecci\u00f3n Argentina, campeona de Am\u00e9rica y del Mundo, jugar\u00e1 sus pr\u00f3ximos partidos de Eliminatorias Sudamericanas en octubre, sin la presencia de su arquero titular. El conjunto albiceleste visitar\u00e1 a Venezuela el 10 de octubre a las 6 de la tarde y recibir\u00e1 a Bolivia el 15 de octubre a las 9 de la noche.<\/p>\n\n\n\n<p>La Selecci\u00f3n Argentina lidera la tabla de posiciones con 18 puntos, dos m\u00e1s que Colombia, su escolta.<\/p>\n","protected":false},"excerpt":{"rendered":"<p>Emiliano \u00abDibu\u00bb Mart\u00ednez, arquero titular de la Selecci\u00f3n Argentina, se pronunci\u00f3 a trav\u00e9s de sus redes sociales luego de ser suspendido por dos partidos de las Eliminatorias Sudamericanas. La Conmebol sancion\u00f3 al guardameta por \u00abcomportamiento ofensivo y violaci\u00f3n del juego limpio\u00bb en los partidos ante Chile y Colombia de la \u00faltima ventana internacional. Mart\u00ednez, que [&hellip;]<\/p>\n","protected":false},"author":2,"featured_media":18928,"comment_status":"closed","ping_status":"open","sticky":false,"template":"","format":"standard","meta":{"footnotes":""},"categories":[372],"tags":[511],"class_list":{"0":"post-18926","1":"post","2":"type-post","3":"status-publish","4":"format-standard","5":"has-post-thumbnail","7":"category-futbol","8":"tag-bloque-2"},"_links":{"self":[{"href":"https:\/\/zoomproducciones.com.ar\/zoomp\/wp-json\/wp\/v2\/posts\/18926","targetHints":{"allow":["GET"]}}],"collection":[{"href":"https:\/\/zoomproducciones.com.ar\/zoomp\/wp-json\/wp\/v2\/posts"}],"about":[{"href":"https:\/\/zoomproducciones.com.ar\/zoomp\/wp-json\/wp\/v2\/types\/post"}],"author":[{"embeddable":true,"href":"https:\/\/zoomproducciones.com.ar\/zoomp\/wp-json\/wp\/v2\/users\/2"}],"replies":[{"embeddable":true,"href":"https:\/\/zoomproducciones.com.ar\/zoomp\/wp-json\/wp\/v2\/comments?post=18926"}],"version-history":[{"count":1,"href":"https:\/\/zoomproducciones.com.ar\/zoomp\/wp-json\/wp\/v2\/posts\/18926\/revisions"}],"predecessor-version":[{"id":18930,"href":"https:\/\/zoomproducciones.com.ar\/zoomp\/wp-json\/wp\/v2\/posts\/18926\/revisions\/18930"}],"wp:featuredmedia":[{"embeddable":true,"href":"https:\/\/zoomproducciones.com.ar\/zoomp\/wp-json\/wp\/v2\/media\/18928"}],"wp:attachment":[{"href":"https:\/\/zoomproducciones.com.ar\/zoomp\/wp-json\/wp\/v2\/media?parent=18926"}],"wp:term":[{"taxonomy":"category","embeddable":true,"href":"https:\/\/zoomproducciones.com.ar\/zoomp\/wp-json\/wp\/v2\/categories?post=18926"},{"taxonomy":"post_tag","embeddable":true,"href":"https:\/\/zoomproducciones.com.ar\/zoomp\/wp-json\/wp\/v2\/tags?post=18926"}],"curies":[{"name":"wp","href":"https:\/\/api.w.org\/{rel}","templated":true}]}}