{"id":18918,"date":"2024-09-30T08:02:06","date_gmt":"2024-09-30T11:02:06","guid":{"rendered":"http:\/\/zoomproducciones.com.ar\/zoomp\/?p=18918"},"modified":"2024-09-30T08:02:07","modified_gmt":"2024-09-30T11:02:07","slug":"la-mujer-acusada-de-matar-a-su-ex-pareja-de-un-tiro-obtuvo-el-arresto-domiciliario","status":"publish","type":"post","link":"https:\/\/zoomproducciones.com.ar\/zoomp\/la-mujer-acusada-de-matar-a-su-ex-pareja-de-un-tiro-obtuvo-el-arresto-domiciliario\/","title":{"rendered":"La mujer acusada de matar a su ex pareja de un tiro obtuvo el arresto domiciliario"},"content":{"rendered":"\n<p>Andrea Virginia Malva \u00c1lvez, imputada por el delito de \u00abHomicidio Agravado por el v\u00ednculo\u00bb, tendr\u00e1 arresto domiciliario mientras se desarrolla el proceso judicial. La decisi\u00f3n fue tomada por el Juez de Garant\u00edas, Gabriel Aldaz, en la \u00abAudiencia de Coerci\u00f3n\u00bb que se llev\u00f3 a cabo hoy a las 11:15 hs.<\/p>\n\n\n\n<p>La Fiscal\u00eda, representada por la Dra. Daniela Di Tomaso, solicit\u00f3 el arresto domiciliario para \u00c1lvez, mientras que la defensa, a cargo del Dr. Juan Carlos Vischi, coincidi\u00f3 con la solicitud.<\/p>\n\n\n\n<p>La audiencia, que dur\u00f3 30 minutos, se desarroll\u00f3 en la Oficina Judicial. El juez inform\u00f3 a \u00c1lvez que, durante su arresto, deber\u00e1 contar con un dispositivo electr\u00f3nico y no podr\u00e1 salir de su domicilio.<\/p>\n\n\n\n<p>Fuente: Ignacio Villanueva.<\/p>\n\n\n\n<h2 class=\"wp-block-heading\">El hecho:<\/h2>\n\n\n\n<p>Una mujer de 49 a\u00f1os, identificada como Andrea Virginia Malva \u00c1lvez, mat\u00f3 a su expareja, Roberto Viana (39), de un disparo en el pecho con un rifle de aire comprimido en la ciudad de Paso de los Libres. El hecho ocurri\u00f3 este lunes <em>(23 de septiembre)<\/em> por la ma\u00f1ana en el barrio Aeropuerto, luego de que Viana violara una restricci\u00f3n perimetral que le imped\u00eda acercarse a Alvez y a sus tres hijos.<\/p>\n\n\n\n<p>La restricci\u00f3n perimetral hab\u00eda sido dictada por la jueza Marta Rut Legarreta de la Justicia de Familia, Ni\u00f1ez y Adolescencia de Corrientes. Viana ten\u00eda prohibido acercarse a menos de 20 metros de su expareja y sus hijos.<\/p>\n\n\n\n<p>Seg\u00fan fuentes policiales, la discusi\u00f3n entre Alvez y Viana se desat\u00f3 en la casa de la mujer. Alvez declar\u00f3 que tom\u00f3 el rifle para intimidar a Viana y obligarlo a retirarse, pero el disparo se le escap\u00f3.<\/p>\n\n\n\n<p>Viana fue trasladado al Hospital San Jos\u00e9, donde lleg\u00f3 sin vida. La fiscal Daniela Di Tomaso orden\u00f3 la detenci\u00f3n de Alvez, quien fue imputada por homicidio agravado por la relaci\u00f3n de pareja.<\/p>\n\n\n\n<p>La fiscal\u00eda espera los resultados de las pericias bal\u00edsticas para determinar la distancia del disparo y otras cuestiones del caso. Los vecinos del barrio Aeropuerto, donde el hecho ocurri\u00f3, confirmaron haber escuchado la detonaci\u00f3n, pero no la discusi\u00f3n previa.<\/p>\n","protected":false},"excerpt":{"rendered":"<p>Andrea Virginia Malva \u00c1lvez, imputada por el delito de \u00abHomicidio Agravado por el v\u00ednculo\u00bb, tendr\u00e1 arresto domiciliario mientras se desarrolla el proceso judicial. La decisi\u00f3n fue tomada por el Juez de Garant\u00edas, Gabriel Aldaz, en la \u00abAudiencia de Coerci\u00f3n\u00bb que se llev\u00f3 a cabo hoy a las 11:15 hs. La Fiscal\u00eda, representada por la Dra. [&hellip;]<\/p>\n","protected":false},"author":2,"featured_media":18919,"comment_status":"closed","ping_status":"open","sticky":false,"template":"","format":"standard","meta":{"footnotes":""},"categories":[5],"tags":[42],"class_list":{"0":"post-18918","1":"post","2":"type-post","3":"status-publish","4":"format-standard","5":"has-post-thumbnail","7":"category-locales","8":"tag-featured"},"_links":{"self":[{"href":"https:\/\/zoomproducciones.com.ar\/zoomp\/wp-json\/wp\/v2\/posts\/18918","targetHints":{"allow":["GET"]}}],"collection":[{"href":"https:\/\/zoomproducciones.com.ar\/zoomp\/wp-json\/wp\/v2\/posts"}],"about":[{"href":"https:\/\/zoomproducciones.com.ar\/zoomp\/wp-json\/wp\/v2\/types\/post"}],"author":[{"embeddable":true,"href":"https:\/\/zoomproducciones.com.ar\/zoomp\/wp-json\/wp\/v2\/users\/2"}],"replies":[{"embeddable":true,"href":"https:\/\/zoomproducciones.com.ar\/zoomp\/wp-json\/wp\/v2\/comments?post=18918"}],"version-history":[{"count":1,"href":"https:\/\/zoomproducciones.com.ar\/zoomp\/wp-json\/wp\/v2\/posts\/18918\/revisions"}],"predecessor-version":[{"id":18923,"href":"https:\/\/zoomproducciones.com.ar\/zoomp\/wp-json\/wp\/v2\/posts\/18918\/revisions\/18923"}],"wp:featuredmedia":[{"embeddable":true,"href":"https:\/\/zoomproducciones.com.ar\/zoomp\/wp-json\/wp\/v2\/media\/18919"}],"wp:attachment":[{"href":"https:\/\/zoomproducciones.com.ar\/zoomp\/wp-json\/wp\/v2\/media?parent=18918"}],"wp:term":[{"taxonomy":"category","embeddable":true,"href":"https:\/\/zoomproducciones.com.ar\/zoomp\/wp-json\/wp\/v2\/categories?post=18918"},{"taxonomy":"post_tag","embeddable":true,"href":"https:\/\/zoomproducciones.com.ar\/zoomp\/wp-json\/wp\/v2\/tags?post=18918"}],"curies":[{"name":"wp","href":"https:\/\/api.w.org\/{rel}","templated":true}]}}