{"id":18909,"date":"2024-09-27T09:10:10","date_gmt":"2024-09-27T12:10:10","guid":{"rendered":"http:\/\/zoomproducciones.com.ar\/zoomp\/?p=18909"},"modified":"2024-09-27T09:10:11","modified_gmt":"2024-09-27T12:10:11","slug":"milei-encabezara-manana-un-acto-en-parque-lezama-para-anunciar-el-lanzamiento-de-la-libertad-avanza-como-partido-nacional","status":"publish","type":"post","link":"https:\/\/zoomproducciones.com.ar\/zoomp\/milei-encabezara-manana-un-acto-en-parque-lezama-para-anunciar-el-lanzamiento-de-la-libertad-avanza-como-partido-nacional\/","title":{"rendered":"Milei encabezar\u00e1 ma\u00f1ana un acto en Parque Lezama para anunciar el\u00a0lanzamiento\u00a0de La Libertad Avanza como partido nacional"},"content":{"rendered":"\n<p>En un contexto d\u00f3nde\u00a0La Libertad Avanza\u00a0consigui\u00f3\u00a0las cinco provincias que necesitaba para conformarse como un partido, el presidente\u00a0Javier Milei\u00a0anunci\u00f3 el lanzamiento nacional de su fuerza pol\u00edtica oficial en\u00a0Parque Lezama\u00a0d\u00f3nde \u00abtodo empez\u00f3\u00bb. \u00bfC\u00f3mo sigue el armado?\u00a0<\/p>\n\n\n\n<p>\u00abHola a todos, yo soy el le\u00f3n\u00bb, reza el mensaje del presidente en la plataforma X d\u00f3nde anunci\u00f3 la novedad. All\u00ed el Presidente asegur\u00f3 que\u00a0\u00abpara terminar con la casta volvemos al Parque Lezama\u00bb.\u00a0El nuevo partido lo nacionaliz\u00f3 la c\u00fapula del mileismo con Karina Milei como encargada principal.<\/p>\n\n\n\n<p>El encuentro tendr\u00e1 lugar el s\u00e1bado\u00a028 de septiembre\u00a0a las 19 horas en el Parque Lezama de la Ciudad de Buenos Aires.\u00a0<\/p>\n\n\n\n<blockquote class=\"twitter-tweet\"><p lang=\"es\" dir=\"ltr\">HOLA A TODOS&#8230;<br>YO SOY EL LE\u00d3N&#8230; <a href=\"https:\/\/t.co\/5Y5QuDoUYJ\">pic.twitter.com\/5Y5QuDoUYJ<\/a><\/p>&mdash; Javier Milei (@JMilei) <a href=\"https:\/\/twitter.com\/JMilei\/status\/1836852026640306340?ref_src=twsrc%5Etfw\">September 19, 2024<\/a><\/blockquote> <script async src=\"https:\/\/platform.twitter.com\/widgets.js\" charset=\"utf-8\"><\/script>\n\n\n\n<p>Se trata del primer acto pol\u00edtico que encabeza como partido nacional, lo que inaugura un nuevo proceso que la tiene como principal armadora pol\u00edtica libertaria, todo ello con el objetivo de aumentar la predominancia en el armado de listas y as\u00ed \u00abpurificar\u00bb la estructura partidaria.<\/p>\n\n\n\n<p>De esta manera, el libertario pretende volver a sus or\u00edgenes porque fue en Parque Lezama\u00a0donde cerr\u00f3 su campa\u00f1a durante las legislativas en 2021\u00a0y que fue para muchos el comienzo del fen\u00f3meno que despu\u00e9s desembocar\u00eda en la presidencia.\u00a0<\/p>\n\n\n\n<p>Fuentes cercanas al espacio indicaron a&nbsp;<em>El Cronista<\/em>&nbsp;que todav\u00eda no tienen definido cu\u00e1ntos oradores habr\u00e1 ni c\u00f3mo ser\u00e1 el nuevo formato que impulsa el Presidente.<\/p>\n\n\n\n<p>Si bien estaba previsto originalmente que se hiciera en Provincia de Buenos Aires como forma de desafiar al gobernador bonaerense\u00a0Axel Kicilllof, se termin\u00f3 decidiendo ampliar la convocatoria y hacerlo nacional. Entonces se barajaba la posibilidad de montar el escenario en un distrito \u00abamigo\u00bb como el de Tres de Febrero o en la misma capital bonaerense, La Plata.<\/p>\n\n\n\n<p>Esta semana, La Libertad Avanza consigui\u00f3 las cinco provincias (PBA, C\u00f3rdoba, CABA, Santa Fe y Chubut) para ser partido nacional y lo anunciaron con una foto de la cual particip\u00f3 el presidente de la C\u00e1mara de Diputados\u00a0Mart\u00edn Menem,\u00a0el presidente del bloque en Diputados\u00a0Gabriel Borononi, el subsecretario de Integraci\u00f3n Socio-Urbana\u00a0Sebasti\u00e1n Pareja, la diputada Romina Diaz, la legisladora porte\u00f1a\u00a0Pilar Ram\u00edrez,\u00a0el asesor legal\u00a0Santiago Viola,\u00a0el\u00a0subsecretario de Gesti\u00f3n Institucional de la Secretar\u00eda General de la Presidencia,\u00a0Eduardo\u00a0&#8216;Lule&#8217; Menem,\u00a0y el diputado\u00a0Cesar Treffinger.<\/p>\n","protected":false},"excerpt":{"rendered":"<p>En un contexto d\u00f3nde\u00a0La Libertad Avanza\u00a0consigui\u00f3\u00a0las cinco provincias que necesitaba para conformarse como un partido, el presidente\u00a0Javier Milei\u00a0anunci\u00f3 el lanzamiento nacional de su fuerza pol\u00edtica oficial en\u00a0Parque Lezama\u00a0d\u00f3nde \u00abtodo empez\u00f3\u00bb. \u00bfC\u00f3mo sigue el armado?\u00a0 \u00abHola a todos, yo soy el le\u00f3n\u00bb, reza el mensaje del presidente en la plataforma X d\u00f3nde anunci\u00f3 la novedad. All\u00ed [&hellip;]<\/p>\n","protected":false},"author":2,"featured_media":18910,"comment_status":"closed","ping_status":"open","sticky":false,"template":"","format":"standard","meta":{"footnotes":""},"categories":[8],"tags":[511],"class_list":{"0":"post-18909","1":"post","2":"type-post","3":"status-publish","4":"format-standard","5":"has-post-thumbnail","7":"category-nacionales","8":"tag-bloque-2"},"_links":{"self":[{"href":"https:\/\/zoomproducciones.com.ar\/zoomp\/wp-json\/wp\/v2\/posts\/18909","targetHints":{"allow":["GET"]}}],"collection":[{"href":"https:\/\/zoomproducciones.com.ar\/zoomp\/wp-json\/wp\/v2\/posts"}],"about":[{"href":"https:\/\/zoomproducciones.com.ar\/zoomp\/wp-json\/wp\/v2\/types\/post"}],"author":[{"embeddable":true,"href":"https:\/\/zoomproducciones.com.ar\/zoomp\/wp-json\/wp\/v2\/users\/2"}],"replies":[{"embeddable":true,"href":"https:\/\/zoomproducciones.com.ar\/zoomp\/wp-json\/wp\/v2\/comments?post=18909"}],"version-history":[{"count":1,"href":"https:\/\/zoomproducciones.com.ar\/zoomp\/wp-json\/wp\/v2\/posts\/18909\/revisions"}],"predecessor-version":[{"id":18911,"href":"https:\/\/zoomproducciones.com.ar\/zoomp\/wp-json\/wp\/v2\/posts\/18909\/revisions\/18911"}],"wp:featuredmedia":[{"embeddable":true,"href":"https:\/\/zoomproducciones.com.ar\/zoomp\/wp-json\/wp\/v2\/media\/18910"}],"wp:attachment":[{"href":"https:\/\/zoomproducciones.com.ar\/zoomp\/wp-json\/wp\/v2\/media?parent=18909"}],"wp:term":[{"taxonomy":"category","embeddable":true,"href":"https:\/\/zoomproducciones.com.ar\/zoomp\/wp-json\/wp\/v2\/categories?post=18909"},{"taxonomy":"post_tag","embeddable":true,"href":"https:\/\/zoomproducciones.com.ar\/zoomp\/wp-json\/wp\/v2\/tags?post=18909"}],"curies":[{"name":"wp","href":"https:\/\/api.w.org\/{rel}","templated":true}]}}