{"id":18900,"date":"2024-09-27T09:10:42","date_gmt":"2024-09-27T12:10:42","guid":{"rendered":"http:\/\/zoomproducciones.com.ar\/zoomp\/?p=18900"},"modified":"2024-09-27T09:10:42","modified_gmt":"2024-09-27T12:10:42","slug":"este-domingo-el-puente-internacional-paso-de-los-libres-uruguaiana-estara-cerrado-al-transito","status":"publish","type":"post","link":"https:\/\/zoomproducciones.com.ar\/zoomp\/este-domingo-el-puente-internacional-paso-de-los-libres-uruguaiana-estara-cerrado-al-transito\/","title":{"rendered":"Este domingo, el puente internacional Paso de los Libres-Uruguaiana estar\u00e1 cerrado al tr\u00e1nsito"},"content":{"rendered":"\n<p>El jefe del Centro de Frontera Paso de los Libres, Alfredo Nicol\u00e1s Coutinho Da Silva, inform\u00f3 que el tr\u00e1nsito vehicular en el Puente Internacional \u00abAgust\u00edn P. Justo &#8211; Getulio Vargas\u00bb ser\u00e1 restringido completamente este domingo.<\/p>\n\n\n\n<p>El corte comenzar\u00e1 el domingo 29 de septiembre a las 20:00 y se extender\u00e1 hasta el lunes 30 de septiembre a las 8.00. <\/p>\n\n\n\n<p>La medida se debe a reparaciones espec\u00edficas en el lado brasile\u00f1o del puente, donde se realizar\u00e1n trabajos en una junta de concreto. <\/p>\n\n\n\n<p>Asimismo, se solicita a la poblaci\u00f3n tomar precauciones y planificar sus desplazamientos con antelaci\u00f3n.<\/p>\n","protected":false},"excerpt":{"rendered":"<p>El jefe del Centro de Frontera Paso de los Libres, Alfredo Nicol\u00e1s Coutinho Da Silva, inform\u00f3 que el tr\u00e1nsito vehicular en el Puente Internacional \u00abAgust\u00edn P. Justo &#8211; Getulio Vargas\u00bb ser\u00e1 restringido completamente este domingo. El corte comenzar\u00e1 el domingo 29 de septiembre a las 20:00 y se extender\u00e1 hasta el lunes 30 de septiembre [&hellip;]<\/p>\n","protected":false},"author":2,"featured_media":18901,"comment_status":"closed","ping_status":"open","sticky":false,"template":"","format":"standard","meta":{"footnotes":""},"categories":[5],"tags":[42],"class_list":{"0":"post-18900","1":"post","2":"type-post","3":"status-publish","4":"format-standard","5":"has-post-thumbnail","7":"category-locales","8":"tag-featured"},"_links":{"self":[{"href":"https:\/\/zoomproducciones.com.ar\/zoomp\/wp-json\/wp\/v2\/posts\/18900","targetHints":{"allow":["GET"]}}],"collection":[{"href":"https:\/\/zoomproducciones.com.ar\/zoomp\/wp-json\/wp\/v2\/posts"}],"about":[{"href":"https:\/\/zoomproducciones.com.ar\/zoomp\/wp-json\/wp\/v2\/types\/post"}],"author":[{"embeddable":true,"href":"https:\/\/zoomproducciones.com.ar\/zoomp\/wp-json\/wp\/v2\/users\/2"}],"replies":[{"embeddable":true,"href":"https:\/\/zoomproducciones.com.ar\/zoomp\/wp-json\/wp\/v2\/comments?post=18900"}],"version-history":[{"count":1,"href":"https:\/\/zoomproducciones.com.ar\/zoomp\/wp-json\/wp\/v2\/posts\/18900\/revisions"}],"predecessor-version":[{"id":18902,"href":"https:\/\/zoomproducciones.com.ar\/zoomp\/wp-json\/wp\/v2\/posts\/18900\/revisions\/18902"}],"wp:featuredmedia":[{"embeddable":true,"href":"https:\/\/zoomproducciones.com.ar\/zoomp\/wp-json\/wp\/v2\/media\/18901"}],"wp:attachment":[{"href":"https:\/\/zoomproducciones.com.ar\/zoomp\/wp-json\/wp\/v2\/media?parent=18900"}],"wp:term":[{"taxonomy":"category","embeddable":true,"href":"https:\/\/zoomproducciones.com.ar\/zoomp\/wp-json\/wp\/v2\/categories?post=18900"},{"taxonomy":"post_tag","embeddable":true,"href":"https:\/\/zoomproducciones.com.ar\/zoomp\/wp-json\/wp\/v2\/tags?post=18900"}],"curies":[{"name":"wp","href":"https:\/\/api.w.org\/{rel}","templated":true}]}}