{"id":18879,"date":"2024-09-26T08:59:05","date_gmt":"2024-09-26T11:59:05","guid":{"rendered":"http:\/\/zoomproducciones.com.ar\/zoomp\/?p=18879"},"modified":"2024-09-26T08:59:05","modified_gmt":"2024-09-26T11:59:05","slug":"tension-en-la-audiencia-por-el-asesinato-de-naithan-mino-la-defensa-de-la-imputada-pidio-el-apartamiento-de-pardo-en-la-causa","status":"publish","type":"post","link":"https:\/\/zoomproducciones.com.ar\/zoomp\/tension-en-la-audiencia-por-el-asesinato-de-naithan-mino-la-defensa-de-la-imputada-pidio-el-apartamiento-de-pardo-en-la-causa\/","title":{"rendered":"Tensi\u00f3n en la audiencia por el asesinato de Naithan Mi\u00f1o: la defensa de la imputada pidi\u00f3 el apartamiento de Pardo en la causa"},"content":{"rendered":"\n<p>La audiencia de \u00abControl de Acusaci\u00f3n\u00bb en la causa por el asesinato de Naithan Mi\u00f1o, el ni\u00f1o de 3 a\u00f1os brutalmente asesinado en enero de 2023, se vio interrumpida por una fuerte controversia entre la defensa de la imputada, Brenda Mi\u00f1o, y el querellante, Dr. Sebasti\u00e1n Pardo, representante legal de Micaela Mi\u00f1o, hermana de la acusada y t\u00eda de la v\u00edctima.<\/p>\n\n\n\n<p>La Defensora Oficial, Dra. Mar\u00eda Soledad Fresneda, solicit\u00f3 el apartamiento de Pardo, argumentando que \u00abno est\u00e1 acreditado el parentesco\u00bb entre las hermanas Mi\u00f1o, y exigi\u00f3 la presentaci\u00f3n de la partida de nacimiento de Micaela para corroborar la relaci\u00f3n.<\/p>\n\n\n\n<p>El Fiscal de Investigaciones Concretas, Dr. Facundo Sotelo, se opuso al planteo, mientras que Pardo se mostr\u00f3 sorprendido, asegurando que la legitimaci\u00f3n de Micaela est\u00e1 \u00absobradamente acreditada en autos\u00bb por la presentaci\u00f3n de poder, DNI, manifestaci\u00f3n de querer ser querellante, designaci\u00f3n de abogado, y la propia declaraci\u00f3n de la imputada en la audiencia.<\/p>\n\n\n\n<figure class=\"wp-block-image size-full\"><a href=\"http:\/\/zoomproducciones.com.ar\/zoomp\/wp-content\/uploads\/2024\/09\/image-148.png\"><img loading=\"lazy\" decoding=\"async\" width=\"600\" height=\"400\" src=\"http:\/\/zoomproducciones.com.ar\/zoomp\/wp-content\/uploads\/2024\/09\/image-148.png\" alt=\"\" class=\"wp-image-18884\" srcset=\"https:\/\/zoomproducciones.com.ar\/zoomp\/wp-content\/uploads\/2024\/09\/image-148.png 600w, https:\/\/zoomproducciones.com.ar\/zoomp\/wp-content\/uploads\/2024\/09\/image-148-300x200.png 300w\" sizes=\"auto, (max-width: 600px) 100vw, 600px\" \/><\/a><figcaption class=\"wp-element-caption\">Naithan Mi\u00f1o.<\/figcaption><\/figure>\n\n\n\n<p>La tensi\u00f3n entre la defensa y la querella se mantuvo durante toda la audiencia, con fuertes cruces verbales. Pardo lleg\u00f3 a asegurar que era evidente que la defensa \u00abno quiere que participe esta querella\u00bb.<\/p>\n\n\n\n<p>Ante la situaci\u00f3n, el Juez de Garant\u00edas, Dr. Gabriel Aldaz, tuvo que intervenir para ordenar la audiencia. Finalmente, decidi\u00f3 un cuarto intermedio y hoy deber\u00e1 resolver la cuesti\u00f3n planteada, adem\u00e1s de continuar con el \u00abControl de la Acusaci\u00f3n\u00bb, que podr\u00eda definir la fecha de debate oral.<\/p>\n\n\n\n<p>Fuente: Ignacio Villanueva.<\/p>\n","protected":false},"excerpt":{"rendered":"<p>La audiencia de \u00abControl de Acusaci\u00f3n\u00bb en la causa por el asesinato de Naithan Mi\u00f1o, el ni\u00f1o de 3 a\u00f1os brutalmente asesinado en enero de 2023, se vio interrumpida por una fuerte controversia entre la defensa de la imputada, Brenda Mi\u00f1o, y el querellante, Dr. Sebasti\u00e1n Pardo, representante legal de Micaela Mi\u00f1o, hermana de la [&hellip;]<\/p>\n","protected":false},"author":2,"featured_media":18881,"comment_status":"closed","ping_status":"open","sticky":false,"template":"","format":"standard","meta":{"footnotes":""},"categories":[5],"tags":[42],"class_list":{"0":"post-18879","1":"post","2":"type-post","3":"status-publish","4":"format-standard","5":"has-post-thumbnail","7":"category-locales","8":"tag-featured"},"_links":{"self":[{"href":"https:\/\/zoomproducciones.com.ar\/zoomp\/wp-json\/wp\/v2\/posts\/18879","targetHints":{"allow":["GET"]}}],"collection":[{"href":"https:\/\/zoomproducciones.com.ar\/zoomp\/wp-json\/wp\/v2\/posts"}],"about":[{"href":"https:\/\/zoomproducciones.com.ar\/zoomp\/wp-json\/wp\/v2\/types\/post"}],"author":[{"embeddable":true,"href":"https:\/\/zoomproducciones.com.ar\/zoomp\/wp-json\/wp\/v2\/users\/2"}],"replies":[{"embeddable":true,"href":"https:\/\/zoomproducciones.com.ar\/zoomp\/wp-json\/wp\/v2\/comments?post=18879"}],"version-history":[{"count":1,"href":"https:\/\/zoomproducciones.com.ar\/zoomp\/wp-json\/wp\/v2\/posts\/18879\/revisions"}],"predecessor-version":[{"id":18885,"href":"https:\/\/zoomproducciones.com.ar\/zoomp\/wp-json\/wp\/v2\/posts\/18879\/revisions\/18885"}],"wp:featuredmedia":[{"embeddable":true,"href":"https:\/\/zoomproducciones.com.ar\/zoomp\/wp-json\/wp\/v2\/media\/18881"}],"wp:attachment":[{"href":"https:\/\/zoomproducciones.com.ar\/zoomp\/wp-json\/wp\/v2\/media?parent=18879"}],"wp:term":[{"taxonomy":"category","embeddable":true,"href":"https:\/\/zoomproducciones.com.ar\/zoomp\/wp-json\/wp\/v2\/categories?post=18879"},{"taxonomy":"post_tag","embeddable":true,"href":"https:\/\/zoomproducciones.com.ar\/zoomp\/wp-json\/wp\/v2\/tags?post=18879"}],"curies":[{"name":"wp","href":"https:\/\/api.w.org\/{rel}","templated":true}]}}