{"id":18878,"date":"2024-09-26T08:57:26","date_gmt":"2024-09-26T11:57:26","guid":{"rendered":"http:\/\/zoomproducciones.com.ar\/zoomp\/?p=18878"},"modified":"2024-09-26T08:57:29","modified_gmt":"2024-09-26T11:57:29","slug":"valdes-lanza-duras-criticas-a-dirigentes-radicales-y-alerta-sobre-intervencion-del-partido","status":"publish","type":"post","link":"https:\/\/zoomproducciones.com.ar\/zoomp\/valdes-lanza-duras-criticas-a-dirigentes-radicales-y-alerta-sobre-intervencion-del-partido\/","title":{"rendered":"Vald\u00e9s lanza duras cr\u00edticas a dirigentes radicales y alerta sobre intervenci\u00f3n del partido"},"content":{"rendered":"\n<p>El gobernador Gustavo Vald\u00e9s cerr\u00f3 un acto militante de la Uni\u00f3n C\u00edvica Radical (UCR) en Corrientes, donde lanz\u00f3 fuertes cr\u00edticas a sectores internos del partido y alert\u00f3 sobre una supuesta intervenci\u00f3n.<\/p>\n\n\n\n<p>Sin nombrarlos directamente, Vald\u00e9s acus\u00f3 a algunos de \u00abcreerse due\u00f1os del radicalismo\u00bb y de intentar \u00abintervenir el partido y acordar con el kirchnerismo\u00bb. Afirm\u00f3 que la UCR no tiene \u00abdue\u00f1os ni patrones\u00bb, sino que el poder reside en los afiliados.<\/p>\n\n\n\n<p>Vald\u00e9s se refiri\u00f3 a un supuesto intento de \u00ablanguidecer\u00bb al partido en una \u00abcocina del comit\u00e9\u00bb, evitando la presentaci\u00f3n de fichas de afiliaci\u00f3n. Destac\u00f3 el \u00e9xito del proceso de afiliaci\u00f3n, que sum\u00f3 25.000 nuevos miembros, y lo atribuy\u00f3 a la apertura del partido a la ciudadan\u00eda.<\/p>\n\n\n\n<p>\u00abNo dejemos morir a un partido centenario, que tiene mucho por dar\u00bb, pidi\u00f3 Vald\u00e9s, comparando la situaci\u00f3n de la UCR con el \u00e9xito electoral del partido en Chaco y Santa Fe.<\/p>\n\n\n\n<p>El gobernador tambi\u00e9n critic\u00f3 a quienes \u00abhablan mal del Gobierno\u00bb pero luego, tras perder la elecci\u00f3n interna, se reivindican como radicales. \u00abSi lo son, que vengan a votar\u00bb, desafi\u00f3.<\/p>\n\n\n\n<p>Vald\u00e9s finaliz\u00f3 su discurso con un llamado a la militancia a \u00abrecorrer barrio por barrio y escuchar a la gente\u00bb. Afirm\u00f3 que la UCR est\u00e1 \u00aben una fuerza que se va a poner de pie\u00bb y que \u00abvamos a sacar lo mejor de nosotros\u00bb.<\/p>\n\n\n\n<p>El Litoral.<\/p>\n","protected":false},"excerpt":{"rendered":"<p>El gobernador Gustavo Vald\u00e9s cerr\u00f3 un acto militante de la Uni\u00f3n C\u00edvica Radical (UCR) en Corrientes, donde lanz\u00f3 fuertes cr\u00edticas a sectores internos del partido y alert\u00f3 sobre una supuesta intervenci\u00f3n. Sin nombrarlos directamente, Vald\u00e9s acus\u00f3 a algunos de \u00abcreerse due\u00f1os del radicalismo\u00bb y de intentar \u00abintervenir el partido y acordar con el kirchnerismo\u00bb. Afirm\u00f3 [&hellip;]<\/p>\n","protected":false},"author":2,"featured_media":18880,"comment_status":"closed","ping_status":"open","sticky":false,"template":"","format":"standard","meta":{"footnotes":""},"categories":[3],"tags":[511],"class_list":{"0":"post-18878","1":"post","2":"type-post","3":"status-publish","4":"format-standard","5":"has-post-thumbnail","7":"category-provinciales","8":"tag-bloque-2"},"_links":{"self":[{"href":"https:\/\/zoomproducciones.com.ar\/zoomp\/wp-json\/wp\/v2\/posts\/18878","targetHints":{"allow":["GET"]}}],"collection":[{"href":"https:\/\/zoomproducciones.com.ar\/zoomp\/wp-json\/wp\/v2\/posts"}],"about":[{"href":"https:\/\/zoomproducciones.com.ar\/zoomp\/wp-json\/wp\/v2\/types\/post"}],"author":[{"embeddable":true,"href":"https:\/\/zoomproducciones.com.ar\/zoomp\/wp-json\/wp\/v2\/users\/2"}],"replies":[{"embeddable":true,"href":"https:\/\/zoomproducciones.com.ar\/zoomp\/wp-json\/wp\/v2\/comments?post=18878"}],"version-history":[{"count":1,"href":"https:\/\/zoomproducciones.com.ar\/zoomp\/wp-json\/wp\/v2\/posts\/18878\/revisions"}],"predecessor-version":[{"id":18882,"href":"https:\/\/zoomproducciones.com.ar\/zoomp\/wp-json\/wp\/v2\/posts\/18878\/revisions\/18882"}],"wp:featuredmedia":[{"embeddable":true,"href":"https:\/\/zoomproducciones.com.ar\/zoomp\/wp-json\/wp\/v2\/media\/18880"}],"wp:attachment":[{"href":"https:\/\/zoomproducciones.com.ar\/zoomp\/wp-json\/wp\/v2\/media?parent=18878"}],"wp:term":[{"taxonomy":"category","embeddable":true,"href":"https:\/\/zoomproducciones.com.ar\/zoomp\/wp-json\/wp\/v2\/categories?post=18878"},{"taxonomy":"post_tag","embeddable":true,"href":"https:\/\/zoomproducciones.com.ar\/zoomp\/wp-json\/wp\/v2\/tags?post=18878"}],"curies":[{"name":"wp","href":"https:\/\/api.w.org\/{rel}","templated":true}]}}