{"id":18870,"date":"2024-09-26T08:43:29","date_gmt":"2024-09-26T11:43:29","guid":{"rendered":"http:\/\/zoomproducciones.com.ar\/zoomp\/?p=18870"},"modified":"2024-09-26T08:43:29","modified_gmt":"2024-09-26T11:43:29","slug":"alarma-en-el-gobierno-se-estima-un-indice-de-pobreza-cercano-al-55-similar-al-record-de-2002","status":"publish","type":"post","link":"https:\/\/zoomproducciones.com.ar\/zoomp\/alarma-en-el-gobierno-se-estima-un-indice-de-pobreza-cercano-al-55-similar-al-record-de-2002\/","title":{"rendered":"Alarma en el Gobierno: Se estima un \u00edndice de pobreza cercano al 55%, similar al r\u00e9cord de 2002"},"content":{"rendered":"\n<p>El gobierno de Javier Milei se enfrenta a una preocupante realidad: <strong>el INDEC revelar\u00e1 hoy a las 16 horas un \u00edndice de pobreza que se estima cercano al 55%,<\/strong> un n\u00famero que se acerca al hist\u00f3rico r\u00e9cord de 2002.<\/p>\n\n\n\n<p>Las primeras cifras del INDEC generan inquietud en el oficialismo, ya que reflejan una situaci\u00f3n de pobreza que afecta a m\u00e1s de la mitad de la poblaci\u00f3n, con un impacto particularmente grave en ni\u00f1os y adolescentes. Seg\u00fan estimaciones,<strong> el 66% de los menores de 17 a\u00f1os vive en la pobreza<\/strong>, un indicador alarmante de la crisis social.<\/p>\n\n\n\n<p>La comparaci\u00f3n con<strong> 2002, a\u00f1o en que la pobreza alcanz\u00f3 el 65,6%,<\/strong> es inevitable. Si bien las cifras actuales a\u00fan no alcanzan ese umbral, el escenario es cr\u00edtico. L<strong>a indigencia tambi\u00e9n ha escalado al 17,5% de la poblaci\u00f3n<\/strong>, seg\u00fan datos del Observatorio de la Deuda Social de la UCA, reflejando un deterioro econ\u00f3mico considerable.<\/p>\n\n\n\n<p>A pesar de la gravedad de la situaci\u00f3n, e<strong>l gobierno asegura que las pol\u00edticas implementadas por Sandra Pettovello comenzar\u00e1n a mostrar resultados<\/strong> positivos en los pr\u00f3ximos meses. Se conf\u00eda en que la \u00abdesintermediaci\u00f3n\u00bb de las pol\u00edticas sociales, la cual transfiere el 82% de los recursos directamente a las familias, junto al aumento del 100% de la Asignaci\u00f3n Universal por Hijo (AUH) y la prestaci\u00f3n Alimentar, habr\u00e1n mejorado el poder adquisitivo de los beneficiarios.<\/p>\n\n\n\n<p>La actualizaci\u00f3n mensual de la AUH y otros beneficios sociales en funci\u00f3n del IPC se presenta como una herramienta clave para proteger a los sectores m\u00e1s vulnerables. <strong>El gobierno espera que los datos del tercer trimestre sean m\u00e1s alentadores.<\/strong><\/p>\n","protected":false},"excerpt":{"rendered":"<p>El gobierno de Javier Milei se enfrenta a una preocupante realidad: el INDEC revelar\u00e1 hoy a las 16 horas un \u00edndice de pobreza que se estima cercano al 55%, un n\u00famero que se acerca al hist\u00f3rico r\u00e9cord de 2002. Las primeras cifras del INDEC generan inquietud en el oficialismo, ya que reflejan una situaci\u00f3n de [&hellip;]<\/p>\n","protected":false},"author":2,"featured_media":18871,"comment_status":"closed","ping_status":"open","sticky":false,"template":"","format":"standard","meta":{"footnotes":""},"categories":[8],"tags":[511],"class_list":{"0":"post-18870","1":"post","2":"type-post","3":"status-publish","4":"format-standard","5":"has-post-thumbnail","7":"category-nacionales","8":"tag-bloque-2"},"_links":{"self":[{"href":"https:\/\/zoomproducciones.com.ar\/zoomp\/wp-json\/wp\/v2\/posts\/18870","targetHints":{"allow":["GET"]}}],"collection":[{"href":"https:\/\/zoomproducciones.com.ar\/zoomp\/wp-json\/wp\/v2\/posts"}],"about":[{"href":"https:\/\/zoomproducciones.com.ar\/zoomp\/wp-json\/wp\/v2\/types\/post"}],"author":[{"embeddable":true,"href":"https:\/\/zoomproducciones.com.ar\/zoomp\/wp-json\/wp\/v2\/users\/2"}],"replies":[{"embeddable":true,"href":"https:\/\/zoomproducciones.com.ar\/zoomp\/wp-json\/wp\/v2\/comments?post=18870"}],"version-history":[{"count":1,"href":"https:\/\/zoomproducciones.com.ar\/zoomp\/wp-json\/wp\/v2\/posts\/18870\/revisions"}],"predecessor-version":[{"id":18876,"href":"https:\/\/zoomproducciones.com.ar\/zoomp\/wp-json\/wp\/v2\/posts\/18870\/revisions\/18876"}],"wp:featuredmedia":[{"embeddable":true,"href":"https:\/\/zoomproducciones.com.ar\/zoomp\/wp-json\/wp\/v2\/media\/18871"}],"wp:attachment":[{"href":"https:\/\/zoomproducciones.com.ar\/zoomp\/wp-json\/wp\/v2\/media?parent=18870"}],"wp:term":[{"taxonomy":"category","embeddable":true,"href":"https:\/\/zoomproducciones.com.ar\/zoomp\/wp-json\/wp\/v2\/categories?post=18870"},{"taxonomy":"post_tag","embeddable":true,"href":"https:\/\/zoomproducciones.com.ar\/zoomp\/wp-json\/wp\/v2\/tags?post=18870"}],"curies":[{"name":"wp","href":"https:\/\/api.w.org\/{rel}","templated":true}]}}