{"id":18869,"date":"2024-09-26T08:43:27","date_gmt":"2024-09-26T11:43:27","guid":{"rendered":"http:\/\/zoomproducciones.com.ar\/zoomp\/?p=18869"},"modified":"2024-09-26T08:43:28","modified_gmt":"2024-09-26T11:43:28","slug":"diputados-correntinos-rechazan-juicio-politico-a-valdes-por-la-desaparicion-de-loan-pena","status":"publish","type":"post","link":"https:\/\/zoomproducciones.com.ar\/zoomp\/diputados-correntinos-rechazan-juicio-politico-a-valdes-por-la-desaparicion-de-loan-pena\/","title":{"rendered":"Diputados correntinos rechazan juicio pol\u00edtico a Vald\u00e9s por la desaparici\u00f3n de Loan Pe\u00f1a"},"content":{"rendered":"\n<p>La C\u00e1mara de Diputados de Corrientes rechaz\u00f3 este mi\u00e9rcoles el pedido de juicio pol\u00edtico contra el gobernador Gustavo Vald\u00e9s, presentado por los padres del ni\u00f1o Loan Pe\u00f1a, quien desapareci\u00f3 el pasado 13 de junio en 9 de Julio.<\/p>\n\n\n\n<p>La votaci\u00f3n, con 18 votos a favor del archivo y 6 por el pase a comisi\u00f3n, dej\u00f3 el expediente sin el apoyo necesario para avanzar.<\/p>\n\n\n\n<p>Durante la sesi\u00f3n, los diputados Norberto Ast (oficialismo) y German Braillard Poccard, Marlene Gauna y Adriana Vidal Dom\u00ednguez (oposici\u00f3n) argumentaron sus posturas sobre el pedido de juicio pol\u00edtico.<\/p>\n\n\n\n<p>En otro orden, la C\u00e1mara de Diputados sancion\u00f3 la ley 6695 de adhesi\u00f3n a la Ley Nacional 27.553 de \u00abRecetas Electr\u00f3nicas o Digitales\u00bb, impulsada por el senador Di\u00f3genes Gonz\u00e1lez. Esta normativa busca facilitar la prescripci\u00f3n y dispensaci\u00f3n de medicamentos a trav\u00e9s de recetas electr\u00f3nicas o digitales, firmadas de forma manuscrita, electr\u00f3nica o digital.<\/p>\n\n\n\n<p>La adhesi\u00f3n de Corrientes a la ley nacional permite la utilizaci\u00f3n de plataformas de \u00abtele-asistencia\u00bb en salud, en l\u00ednea con las leyes de protecci\u00f3n de datos personales y derechos del paciente. Esta modalidad permitir\u00e1 a los pacientes contactarse con sus m\u00e9dicos de forma telef\u00f3nica o por correo electr\u00f3nico para recibir recetas electr\u00f3nicas enviadas directamente a las farmacias.<\/p>\n","protected":false},"excerpt":{"rendered":"<p>La C\u00e1mara de Diputados de Corrientes rechaz\u00f3 este mi\u00e9rcoles el pedido de juicio pol\u00edtico contra el gobernador Gustavo Vald\u00e9s, presentado por los padres del ni\u00f1o Loan Pe\u00f1a, quien desapareci\u00f3 el pasado 13 de junio en 9 de Julio. La votaci\u00f3n, con 18 votos a favor del archivo y 6 por el pase a comisi\u00f3n, dej\u00f3 [&hellip;]<\/p>\n","protected":false},"author":2,"featured_media":18873,"comment_status":"closed","ping_status":"open","sticky":false,"template":"","format":"standard","meta":{"footnotes":""},"categories":[3],"tags":[511],"class_list":{"0":"post-18869","1":"post","2":"type-post","3":"status-publish","4":"format-standard","5":"has-post-thumbnail","7":"category-provinciales","8":"tag-bloque-2"},"_links":{"self":[{"href":"https:\/\/zoomproducciones.com.ar\/zoomp\/wp-json\/wp\/v2\/posts\/18869","targetHints":{"allow":["GET"]}}],"collection":[{"href":"https:\/\/zoomproducciones.com.ar\/zoomp\/wp-json\/wp\/v2\/posts"}],"about":[{"href":"https:\/\/zoomproducciones.com.ar\/zoomp\/wp-json\/wp\/v2\/types\/post"}],"author":[{"embeddable":true,"href":"https:\/\/zoomproducciones.com.ar\/zoomp\/wp-json\/wp\/v2\/users\/2"}],"replies":[{"embeddable":true,"href":"https:\/\/zoomproducciones.com.ar\/zoomp\/wp-json\/wp\/v2\/comments?post=18869"}],"version-history":[{"count":1,"href":"https:\/\/zoomproducciones.com.ar\/zoomp\/wp-json\/wp\/v2\/posts\/18869\/revisions"}],"predecessor-version":[{"id":18875,"href":"https:\/\/zoomproducciones.com.ar\/zoomp\/wp-json\/wp\/v2\/posts\/18869\/revisions\/18875"}],"wp:featuredmedia":[{"embeddable":true,"href":"https:\/\/zoomproducciones.com.ar\/zoomp\/wp-json\/wp\/v2\/media\/18873"}],"wp:attachment":[{"href":"https:\/\/zoomproducciones.com.ar\/zoomp\/wp-json\/wp\/v2\/media?parent=18869"}],"wp:term":[{"taxonomy":"category","embeddable":true,"href":"https:\/\/zoomproducciones.com.ar\/zoomp\/wp-json\/wp\/v2\/categories?post=18869"},{"taxonomy":"post_tag","embeddable":true,"href":"https:\/\/zoomproducciones.com.ar\/zoomp\/wp-json\/wp\/v2\/tags?post=18869"}],"curies":[{"name":"wp","href":"https:\/\/api.w.org\/{rel}","templated":true}]}}