{"id":18857,"date":"2024-09-26T08:27:45","date_gmt":"2024-09-26T11:27:45","guid":{"rendered":"http:\/\/zoomproducciones.com.ar\/zoomp\/?p=18857"},"modified":"2024-09-26T08:30:08","modified_gmt":"2024-09-26T11:30:08","slug":"confirman-procesamiento-de-policias-por-abuso-policial-en-paso-de-los-libres","status":"publish","type":"post","link":"https:\/\/zoomproducciones.com.ar\/zoomp\/confirman-procesamiento-de-policias-por-abuso-policial-en-paso-de-los-libres\/","title":{"rendered":"Confirman procesamiento de polic\u00edas por abuso de autoridad en Paso de los Libres"},"content":{"rendered":"\n<p>La C\u00e1mara de Apelaciones de Mercedes confirm\u00f3 el procesamiento de cuatro polic\u00edas por los delitos de allanamiento ilegal, privaci\u00f3n ileg\u00edtima de la libertad con abuso funcional agravada por violencia y amenazas, en concurso real.<\/p>\n\n\n\n<p>El hecho ocurri\u00f3 el 2 de febrero de 2020 en Paso de los Libres, cuando Orlando Armando Alves Rub\u00edn y su hermano Ram\u00f3n Alberto Alves Rub\u00edn, luego de evadir un control policial, fueron perseguidos hasta su domicilio en la calle Yatay 1550.<\/p>\n\n\n\n<p>Sin orden judicial, los polic\u00edas ingresaron a la vivienda y agredieron a Ram\u00f3n Alberto Alves Rub\u00edn, coloc\u00e1ndole esposas, priv\u00e1ndolo de su libertad y someti\u00e9ndolo a una \u00abguillotina\u00bb o \u00abmata le\u00f3n\u00bb, adem\u00e1s de proferirle amenazas.<\/p>\n\n\n\n<p>Tras ser trasladado a la Comisar\u00eda 1\u00aa, el hombre fue sometido a nuevos abusos, incluyendo golpes y humillaciones. Producto de las agresiones, sufri\u00f3 heridas leves en todo el cuerpo, las cuales fueron certificadas por un m\u00e9dico forense.<\/p>\n\n\n\n<p>Ram\u00f3n Alberto Alves Rub\u00edn recuper\u00f3 su libertad al d\u00eda siguiente, sin haber sido informado del motivo de su detenci\u00f3n ni haber sido revisado por un m\u00e9dico. Adem\u00e1s se le imputaron los supuestos delitos de \u201clesiones graves\u201d y \u201cResistencia y atentado agravado por poner mano sobre la autoridad\u201d. En relaci\u00f3n a las \u201clesiones graves\u201d, uno de los polic\u00edas present\u00f3 traumatismo nasal y el otro fractura en zona de la mano superior derecha, seg\u00fan informe m\u00e9dico legal.<\/p>\n\n\n\n<p>En tanto que su hermano Orlando Armando Alves Rub\u00edn fue imputado del supuesto delito de \u201cResistencia a la autoridad\u201d.<\/p>\n\n\n\n<p>El juez, Insaurralde, declar\u00f3 la falta de m\u00e9rito para el primero por los delitos que se le acusan, mientras que para el segundo declar\u00f3 extinguida la acci\u00f3n penal por prescripci\u00f3n y sobresey\u00e9ndolo del delito que se le imputa (resistencia a la autoridad).<\/p>\n\n\n\n<p>La justicia tambi\u00e9n dict\u00f3 \u00abfalta de m\u00e9rito\u00bb para otros cuatro polic\u00edas involucrados en el hecho. La causa est\u00e1 en espera de juicio oral.<\/p>\n","protected":false},"excerpt":{"rendered":"<p>La C\u00e1mara de Apelaciones de Mercedes confirm\u00f3 el procesamiento de cuatro polic\u00edas por los delitos de allanamiento ilegal, privaci\u00f3n ileg\u00edtima de la libertad con abuso funcional agravada por violencia y amenazas, en concurso real. El hecho ocurri\u00f3 el 2 de febrero de 2020 en Paso de los Libres, cuando Orlando Armando Alves Rub\u00edn y su [&hellip;]<\/p>\n","protected":false},"author":2,"featured_media":18858,"comment_status":"closed","ping_status":"open","sticky":false,"template":"","format":"standard","meta":{"footnotes":""},"categories":[5],"tags":[42],"class_list":{"0":"post-18857","1":"post","2":"type-post","3":"status-publish","4":"format-standard","5":"has-post-thumbnail","7":"category-locales","8":"tag-featured"},"_links":{"self":[{"href":"https:\/\/zoomproducciones.com.ar\/zoomp\/wp-json\/wp\/v2\/posts\/18857","targetHints":{"allow":["GET"]}}],"collection":[{"href":"https:\/\/zoomproducciones.com.ar\/zoomp\/wp-json\/wp\/v2\/posts"}],"about":[{"href":"https:\/\/zoomproducciones.com.ar\/zoomp\/wp-json\/wp\/v2\/types\/post"}],"author":[{"embeddable":true,"href":"https:\/\/zoomproducciones.com.ar\/zoomp\/wp-json\/wp\/v2\/users\/2"}],"replies":[{"embeddable":true,"href":"https:\/\/zoomproducciones.com.ar\/zoomp\/wp-json\/wp\/v2\/comments?post=18857"}],"version-history":[{"count":2,"href":"https:\/\/zoomproducciones.com.ar\/zoomp\/wp-json\/wp\/v2\/posts\/18857\/revisions"}],"predecessor-version":[{"id":18867,"href":"https:\/\/zoomproducciones.com.ar\/zoomp\/wp-json\/wp\/v2\/posts\/18857\/revisions\/18867"}],"wp:featuredmedia":[{"embeddable":true,"href":"https:\/\/zoomproducciones.com.ar\/zoomp\/wp-json\/wp\/v2\/media\/18858"}],"wp:attachment":[{"href":"https:\/\/zoomproducciones.com.ar\/zoomp\/wp-json\/wp\/v2\/media?parent=18857"}],"wp:term":[{"taxonomy":"category","embeddable":true,"href":"https:\/\/zoomproducciones.com.ar\/zoomp\/wp-json\/wp\/v2\/categories?post=18857"},{"taxonomy":"post_tag","embeddable":true,"href":"https:\/\/zoomproducciones.com.ar\/zoomp\/wp-json\/wp\/v2\/tags?post=18857"}],"curies":[{"name":"wp","href":"https:\/\/api.w.org\/{rel}","templated":true}]}}