{"id":18853,"date":"2024-09-25T08:27:17","date_gmt":"2024-09-25T11:27:17","guid":{"rendered":"http:\/\/zoomproducciones.com.ar\/zoomp\/?p=18853"},"modified":"2024-09-25T08:44:06","modified_gmt":"2024-09-25T11:44:06","slug":"humo-de-incendios-en-paises-vecinos-afecta-la-calidad-del-aire-en-corrientes","status":"publish","type":"post","link":"https:\/\/zoomproducciones.com.ar\/zoomp\/humo-de-incendios-en-paises-vecinos-afecta-la-calidad-del-aire-en-corrientes\/","title":{"rendered":"Humo de incendios en pa\u00edses vecinos afecta la calidad del aire en Corrientes"},"content":{"rendered":"\n<p>La provincia de Corrientes se encuentra cubierta por una densa capa de humo proveniente de los incendios forestales que azotan Brasil, Paraguay, Bolivia y zonas aleda\u00f1as. Esta situaci\u00f3n ha provocado una disminuci\u00f3n dr\u00e1stica en la calidad del aire, alcanzando niveles \u00abinsalubres\u00bb en las \u00faltimas horas.<\/p>\n\n\n\n<p>Las part\u00edculas contaminantes, principalmente PM10 y PM2.5, se desprenden de los grandes incendios y se mantienen suspendidas en el aire que respiramos. Estas part\u00edculas, compuestas por polvo, holl\u00edn y humo, pueden afectar a personas de todas las edades, especialmente a grupos de riesgo.<\/p>\n\n\n\n<p>Si bien Corrientes no cuenta con un sistema de medici\u00f3n de la calidad del aire en tiempo real, los datos satelitales y las alertas en celulares han evidenciado la grave situaci\u00f3n. En la jornada del lunes, la calidad del aire se clasific\u00f3 como \u00abdeficiente\u00bb, pudiendo afectar a grupos de riesgo, pero este martes la situaci\u00f3n empeor\u00f3, alcanzando un nivel \u00abinsalubre\u00bb que puede afectar incluso a personas sanas.<\/p>\n\n\n\n<p>La situaci\u00f3n representa un riesgo para la salud de la poblaci\u00f3n correntina y exige medidas para mitigar los efectos del humo.<\/p>\n\n\n\n<p>El Litoral.<\/p>\n","protected":false},"excerpt":{"rendered":"<p>La provincia de Corrientes se encuentra cubierta por una densa capa de humo proveniente de los incendios forestales que azotan Brasil, Paraguay, Bolivia y zonas aleda\u00f1as. Esta situaci\u00f3n ha provocado una disminuci\u00f3n dr\u00e1stica en la calidad del aire, alcanzando niveles \u00abinsalubres\u00bb en las \u00faltimas horas. Las part\u00edculas contaminantes, principalmente PM10 y PM2.5, se desprenden de [&hellip;]<\/p>\n","protected":false},"author":2,"featured_media":18854,"comment_status":"closed","ping_status":"open","sticky":false,"template":"","format":"standard","meta":{"footnotes":""},"categories":[3],"tags":[511],"class_list":{"0":"post-18853","1":"post","2":"type-post","3":"status-publish","4":"format-standard","5":"has-post-thumbnail","7":"category-provinciales","8":"tag-bloque-2"},"_links":{"self":[{"href":"https:\/\/zoomproducciones.com.ar\/zoomp\/wp-json\/wp\/v2\/posts\/18853","targetHints":{"allow":["GET"]}}],"collection":[{"href":"https:\/\/zoomproducciones.com.ar\/zoomp\/wp-json\/wp\/v2\/posts"}],"about":[{"href":"https:\/\/zoomproducciones.com.ar\/zoomp\/wp-json\/wp\/v2\/types\/post"}],"author":[{"embeddable":true,"href":"https:\/\/zoomproducciones.com.ar\/zoomp\/wp-json\/wp\/v2\/users\/2"}],"replies":[{"embeddable":true,"href":"https:\/\/zoomproducciones.com.ar\/zoomp\/wp-json\/wp\/v2\/comments?post=18853"}],"version-history":[{"count":2,"href":"https:\/\/zoomproducciones.com.ar\/zoomp\/wp-json\/wp\/v2\/posts\/18853\/revisions"}],"predecessor-version":[{"id":18856,"href":"https:\/\/zoomproducciones.com.ar\/zoomp\/wp-json\/wp\/v2\/posts\/18853\/revisions\/18856"}],"wp:featuredmedia":[{"embeddable":true,"href":"https:\/\/zoomproducciones.com.ar\/zoomp\/wp-json\/wp\/v2\/media\/18854"}],"wp:attachment":[{"href":"https:\/\/zoomproducciones.com.ar\/zoomp\/wp-json\/wp\/v2\/media?parent=18853"}],"wp:term":[{"taxonomy":"category","embeddable":true,"href":"https:\/\/zoomproducciones.com.ar\/zoomp\/wp-json\/wp\/v2\/categories?post=18853"},{"taxonomy":"post_tag","embeddable":true,"href":"https:\/\/zoomproducciones.com.ar\/zoomp\/wp-json\/wp\/v2\/tags?post=18853"}],"curies":[{"name":"wp","href":"https:\/\/api.w.org\/{rel}","templated":true}]}}