{"id":18845,"date":"2024-09-25T08:21:55","date_gmt":"2024-09-25T11:21:55","guid":{"rendered":"http:\/\/zoomproducciones.com.ar\/zoomp\/?p=18845"},"modified":"2024-09-25T08:21:56","modified_gmt":"2024-09-25T11:21:56","slug":"fallece-ofelia-leiva-una-de-las-voces-mas-importantes-del-chamame","status":"publish","type":"post","link":"https:\/\/zoomproducciones.com.ar\/zoomp\/fallece-ofelia-leiva-una-de-las-voces-mas-importantes-del-chamame\/","title":{"rendered":"Fallece Ofelia Leiva, una de las voces m\u00e1s importantes del chamam\u00e9"},"content":{"rendered":"\n<p>Este martes falleci\u00f3 Ofelia Leiva, una de las voces m\u00e1s reconocidas del chamam\u00e9, seg\u00fan confirmaron fuentes cercanas a la artista.<\/p>\n\n\n\n<p>Leiva, nacida en Corrientes el 7 de noviembre de 1950, se encontraba internada en el Sanatorio G\u00fcemes de Buenos Aires.<\/p>\n\n\n\n<p>Su trayectoria musical comenz\u00f3 a los 8 a\u00f1os, y a los 15 debut\u00f3 en Canal 13. En 1968, integr\u00f3 la delegaci\u00f3n de Corrientes que se present\u00f3 en el Festival de Cosqu\u00edn, donde conoci\u00f3 a Rosendo Arias, con quien form\u00f3 un d\u00fao que grab\u00f3 13 discos.<\/p>\n\n\n\n<p>El d\u00fao se consolid\u00f3 tras ganar premios en Cosqu\u00edn y grabar un disco con los ganadores del Festival Nacional de Folklore. Rosendo Arias falleci\u00f3 en 2007, pero Ofelia continu\u00f3 su carrera musical, present\u00e1ndose en escenarios hasta la reciente Fiesta del Chamam\u00e9.<\/p>\n\n\n\n<p>La p\u00e9rdida de Ofelia Leiva representa una gran p\u00e9rdida para el mundo del chamam\u00e9, dejando un legado musical invaluable.<\/p>\n","protected":false},"excerpt":{"rendered":"<p>Este martes falleci\u00f3 Ofelia Leiva, una de las voces m\u00e1s reconocidas del chamam\u00e9, seg\u00fan confirmaron fuentes cercanas a la artista. Leiva, nacida en Corrientes el 7 de noviembre de 1950, se encontraba internada en el Sanatorio G\u00fcemes de Buenos Aires. Su trayectoria musical comenz\u00f3 a los 8 a\u00f1os, y a los 15 debut\u00f3 en Canal [&hellip;]<\/p>\n","protected":false},"author":2,"featured_media":18847,"comment_status":"closed","ping_status":"open","sticky":false,"template":"","format":"standard","meta":{"footnotes":""},"categories":[3],"tags":[511],"class_list":{"0":"post-18845","1":"post","2":"type-post","3":"status-publish","4":"format-standard","5":"has-post-thumbnail","7":"category-provinciales","8":"tag-bloque-2"},"_links":{"self":[{"href":"https:\/\/zoomproducciones.com.ar\/zoomp\/wp-json\/wp\/v2\/posts\/18845","targetHints":{"allow":["GET"]}}],"collection":[{"href":"https:\/\/zoomproducciones.com.ar\/zoomp\/wp-json\/wp\/v2\/posts"}],"about":[{"href":"https:\/\/zoomproducciones.com.ar\/zoomp\/wp-json\/wp\/v2\/types\/post"}],"author":[{"embeddable":true,"href":"https:\/\/zoomproducciones.com.ar\/zoomp\/wp-json\/wp\/v2\/users\/2"}],"replies":[{"embeddable":true,"href":"https:\/\/zoomproducciones.com.ar\/zoomp\/wp-json\/wp\/v2\/comments?post=18845"}],"version-history":[{"count":1,"href":"https:\/\/zoomproducciones.com.ar\/zoomp\/wp-json\/wp\/v2\/posts\/18845\/revisions"}],"predecessor-version":[{"id":18851,"href":"https:\/\/zoomproducciones.com.ar\/zoomp\/wp-json\/wp\/v2\/posts\/18845\/revisions\/18851"}],"wp:featuredmedia":[{"embeddable":true,"href":"https:\/\/zoomproducciones.com.ar\/zoomp\/wp-json\/wp\/v2\/media\/18847"}],"wp:attachment":[{"href":"https:\/\/zoomproducciones.com.ar\/zoomp\/wp-json\/wp\/v2\/media?parent=18845"}],"wp:term":[{"taxonomy":"category","embeddable":true,"href":"https:\/\/zoomproducciones.com.ar\/zoomp\/wp-json\/wp\/v2\/categories?post=18845"},{"taxonomy":"post_tag","embeddable":true,"href":"https:\/\/zoomproducciones.com.ar\/zoomp\/wp-json\/wp\/v2\/tags?post=18845"}],"curies":[{"name":"wp","href":"https:\/\/api.w.org\/{rel}","templated":true}]}}