{"id":18844,"date":"2024-09-25T08:21:51","date_gmt":"2024-09-25T11:21:51","guid":{"rendered":"http:\/\/zoomproducciones.com.ar\/zoomp\/?p=18844"},"modified":"2024-09-25T08:21:52","modified_gmt":"2024-09-25T11:21:52","slug":"elevan-a-juicio-causa-por-narcotrafico-con-policias-implicados-en-corrientes","status":"publish","type":"post","link":"https:\/\/zoomproducciones.com.ar\/zoomp\/elevan-a-juicio-causa-por-narcotrafico-con-policias-implicados-en-corrientes\/","title":{"rendered":"Elevan a juicio causa por narcotr\u00e1fico con polic\u00edas implicados en Corrientes"},"content":{"rendered":"\n<p>La Fiscal\u00eda Federal de Corrientes elev\u00f3 a juicio una causa que involucra a varios imputados por integrar una organizaci\u00f3n narcocriminal, entre los que se encuentran <strong>tres polic\u00edas<\/strong>.<\/p>\n\n\n\n<p>El excomisario general Luciano Vallejos, imputado por encubrimiento, fue defendido por el abogado Gustavo Briend, quien asegur\u00f3 que \u00abt<strong>odo se trat\u00f3 de una confusi\u00f3n\u00bb<\/strong> y que la defensa cuenta con pruebas para demostrarlo durante el juicio.<\/p>\n\n\n\n<p>Briend se\u00f1al\u00f3 que el Juzgado Federal de Corrientes rechaz\u00f3 la oposici\u00f3n a la elevaci\u00f3n a juicio presentada por la defensa, por lo que ahora<strong> se enfocar\u00e1n en el ofrecimiento de pruebas que consideran \u00abesclarecedoras\u00bb.<\/strong><\/p>\n\n\n\n<p>Adem\u00e1s, asegur\u00f3 que <strong>Vallejos brindar\u00e1 nombres durante el juicio para demostrar los \u00aberrores\u00bb cometidos durante la investigaci\u00f3n<\/strong> realizada por la Polic\u00eda Federal Argentina a pedido del fiscal federal Flavio Ferrini y la Procuradur\u00eda de Narcocriminalidad.<\/p>\n\n\n\n<p>Seg\u00fan la investigaci\u00f3n, <strong>la organizaci\u00f3n estar\u00eda liderada por Sa\u00fal Fabi\u00e1n Maciel,<\/strong> y tambi\u00e9n se encuentran imputados Susana Beatriz Mu\u00f1oz, Nancy Daniela Acosta, Cristian Robert Baldoni, Ubaldo Martin Valdez, Florenia Micaela Acosta, Marcos Nahuel Luque, Marcelo Alejandro Lhotak, Braian Gonzalo Acu\u00f1a, y los polic\u00edas Luciano Vallejos, Luis Gonz\u00e1lez y Luis Antonio Gonz\u00e1lez Livio.<\/p>\n\n\n\n<p>La Justicia Federal dispuso elevar el expediente en formato digital y papel, junto con los elementos secuestrados, debido al volumen de la causa, que contiene cuerpos y 32 incidentes.<\/p>\n\n\n\n<p>Fuente: El Litoral.<\/p>\n","protected":false},"excerpt":{"rendered":"<p>La Fiscal\u00eda Federal de Corrientes elev\u00f3 a juicio una causa que involucra a varios imputados por integrar una organizaci\u00f3n narcocriminal, entre los que se encuentran tres polic\u00edas. El excomisario general Luciano Vallejos, imputado por encubrimiento, fue defendido por el abogado Gustavo Briend, quien asegur\u00f3 que \u00abtodo se trat\u00f3 de una confusi\u00f3n\u00bb y que la defensa [&hellip;]<\/p>\n","protected":false},"author":2,"featured_media":18846,"comment_status":"closed","ping_status":"open","sticky":false,"template":"","format":"standard","meta":{"footnotes":""},"categories":[3],"tags":[511],"class_list":{"0":"post-18844","1":"post","2":"type-post","3":"status-publish","4":"format-standard","5":"has-post-thumbnail","7":"category-provinciales","8":"tag-bloque-2"},"_links":{"self":[{"href":"https:\/\/zoomproducciones.com.ar\/zoomp\/wp-json\/wp\/v2\/posts\/18844","targetHints":{"allow":["GET"]}}],"collection":[{"href":"https:\/\/zoomproducciones.com.ar\/zoomp\/wp-json\/wp\/v2\/posts"}],"about":[{"href":"https:\/\/zoomproducciones.com.ar\/zoomp\/wp-json\/wp\/v2\/types\/post"}],"author":[{"embeddable":true,"href":"https:\/\/zoomproducciones.com.ar\/zoomp\/wp-json\/wp\/v2\/users\/2"}],"replies":[{"embeddable":true,"href":"https:\/\/zoomproducciones.com.ar\/zoomp\/wp-json\/wp\/v2\/comments?post=18844"}],"version-history":[{"count":1,"href":"https:\/\/zoomproducciones.com.ar\/zoomp\/wp-json\/wp\/v2\/posts\/18844\/revisions"}],"predecessor-version":[{"id":18850,"href":"https:\/\/zoomproducciones.com.ar\/zoomp\/wp-json\/wp\/v2\/posts\/18844\/revisions\/18850"}],"wp:featuredmedia":[{"embeddable":true,"href":"https:\/\/zoomproducciones.com.ar\/zoomp\/wp-json\/wp\/v2\/media\/18846"}],"wp:attachment":[{"href":"https:\/\/zoomproducciones.com.ar\/zoomp\/wp-json\/wp\/v2\/media?parent=18844"}],"wp:term":[{"taxonomy":"category","embeddable":true,"href":"https:\/\/zoomproducciones.com.ar\/zoomp\/wp-json\/wp\/v2\/categories?post=18844"},{"taxonomy":"post_tag","embeddable":true,"href":"https:\/\/zoomproducciones.com.ar\/zoomp\/wp-json\/wp\/v2\/tags?post=18844"}],"curies":[{"name":"wp","href":"https:\/\/api.w.org\/{rel}","templated":true}]}}