{"id":18834,"date":"2024-09-25T08:05:34","date_gmt":"2024-09-25T11:05:34","guid":{"rendered":"http:\/\/zoomproducciones.com.ar\/zoomp\/?p=18834"},"modified":"2024-09-25T08:05:34","modified_gmt":"2024-09-25T11:05:34","slug":"asi-quedo-la-casa-de-la-tota-santillan-luego-del-incendio-que-le-causo-la-muerte","status":"publish","type":"post","link":"https:\/\/zoomproducciones.com.ar\/zoomp\/asi-quedo-la-casa-de-la-tota-santillan-luego-del-incendio-que-le-causo-la-muerte\/","title":{"rendered":"As\u00ed qued\u00f3 la casa de La Tota Santill\u00e1n luego del incendio que le caus\u00f3 la muerte"},"content":{"rendered":"\n<p>El reconocido conductor de \u00abPasi\u00f3n de S\u00e1bado\u00bb, La Tota Santill\u00e1n, fue encontrado sin vida en su casa de Castelar el pasado domingo.<\/p>\n\n\n\n<p>Seg\u00fan la pericia preliminar, el fallecimiento se produjo por \u00abs\u00edndrome asf\u00edctico\u00bb a ra\u00edz de un incendio que se origin\u00f3 en la vivienda. Al momento de ser encontrado, el cuerpo de Santill\u00e1n presentaba quemaduras en el 90% de su superficie.<\/p>\n\n\n\n<figure class=\"wp-block-image size-full\"><a href=\"http:\/\/zoomproducciones.com.ar\/zoomp\/wp-content\/uploads\/2024\/09\/image-134.png\"><img loading=\"lazy\" decoding=\"async\" width=\"480\" height=\"360\" src=\"http:\/\/zoomproducciones.com.ar\/zoomp\/wp-content\/uploads\/2024\/09\/image-134.png\" alt=\"\" class=\"wp-image-18838\" srcset=\"https:\/\/zoomproducciones.com.ar\/zoomp\/wp-content\/uploads\/2024\/09\/image-134.png 480w, https:\/\/zoomproducciones.com.ar\/zoomp\/wp-content\/uploads\/2024\/09\/image-134-300x225.png 300w\" sizes=\"auto, (max-width: 480px) 100vw, 480px\" \/><\/a><\/figure>\n\n\n\n<p>La autopsia preliminar descart\u00f3 signos de defensa, lo que lleva a la hip\u00f3tesis de un posible suicidio. Sin embargo, tambi\u00e9n se investiga la posibilidad de que el incendio haya sido ocasionado por un desperfecto en un aire acondicionado.<\/p>\n\n\n\n<p>Los bomberos realizaron pericias en la vivienda para determinar la causa del incendio, informaci\u00f3n que ser\u00e1 clave para esclarecer las circunstancias del fallecimiento de Santill\u00e1n.<\/p>\n\n\n\n<figure class=\"wp-block-image size-full\"><a href=\"http:\/\/zoomproducciones.com.ar\/zoomp\/wp-content\/uploads\/2024\/09\/image-135.png\"><img loading=\"lazy\" decoding=\"async\" width=\"480\" height=\"360\" src=\"http:\/\/zoomproducciones.com.ar\/zoomp\/wp-content\/uploads\/2024\/09\/image-135.png\" alt=\"\" class=\"wp-image-18839\" srcset=\"https:\/\/zoomproducciones.com.ar\/zoomp\/wp-content\/uploads\/2024\/09\/image-135.png 480w, https:\/\/zoomproducciones.com.ar\/zoomp\/wp-content\/uploads\/2024\/09\/image-135-300x225.png 300w\" sizes=\"auto, (max-width: 480px) 100vw, 480px\" \/><\/a><\/figure>\n\n\n\n<p>Las autoridades judiciales aguardan los resultados de las pericias para determinar la causa del incendio y confirmar o descartar la hip\u00f3tesis del suicidio.<\/p>\n","protected":false},"excerpt":{"rendered":"<p>El reconocido conductor de \u00abPasi\u00f3n de S\u00e1bado\u00bb, La Tota Santill\u00e1n, fue encontrado sin vida en su casa de Castelar el pasado domingo. Seg\u00fan la pericia preliminar, el fallecimiento se produjo por \u00abs\u00edndrome asf\u00edctico\u00bb a ra\u00edz de un incendio que se origin\u00f3 en la vivienda. Al momento de ser encontrado, el cuerpo de Santill\u00e1n presentaba quemaduras [&hellip;]<\/p>\n","protected":false},"author":2,"featured_media":18837,"comment_status":"closed","ping_status":"open","sticky":false,"template":"","format":"standard","meta":{"footnotes":""},"categories":[8],"tags":[511],"class_list":{"0":"post-18834","1":"post","2":"type-post","3":"status-publish","4":"format-standard","5":"has-post-thumbnail","7":"category-nacionales","8":"tag-bloque-2"},"_links":{"self":[{"href":"https:\/\/zoomproducciones.com.ar\/zoomp\/wp-json\/wp\/v2\/posts\/18834","targetHints":{"allow":["GET"]}}],"collection":[{"href":"https:\/\/zoomproducciones.com.ar\/zoomp\/wp-json\/wp\/v2\/posts"}],"about":[{"href":"https:\/\/zoomproducciones.com.ar\/zoomp\/wp-json\/wp\/v2\/types\/post"}],"author":[{"embeddable":true,"href":"https:\/\/zoomproducciones.com.ar\/zoomp\/wp-json\/wp\/v2\/users\/2"}],"replies":[{"embeddable":true,"href":"https:\/\/zoomproducciones.com.ar\/zoomp\/wp-json\/wp\/v2\/comments?post=18834"}],"version-history":[{"count":1,"href":"https:\/\/zoomproducciones.com.ar\/zoomp\/wp-json\/wp\/v2\/posts\/18834\/revisions"}],"predecessor-version":[{"id":18842,"href":"https:\/\/zoomproducciones.com.ar\/zoomp\/wp-json\/wp\/v2\/posts\/18834\/revisions\/18842"}],"wp:featuredmedia":[{"embeddable":true,"href":"https:\/\/zoomproducciones.com.ar\/zoomp\/wp-json\/wp\/v2\/media\/18837"}],"wp:attachment":[{"href":"https:\/\/zoomproducciones.com.ar\/zoomp\/wp-json\/wp\/v2\/media?parent=18834"}],"wp:term":[{"taxonomy":"category","embeddable":true,"href":"https:\/\/zoomproducciones.com.ar\/zoomp\/wp-json\/wp\/v2\/categories?post=18834"},{"taxonomy":"post_tag","embeddable":true,"href":"https:\/\/zoomproducciones.com.ar\/zoomp\/wp-json\/wp\/v2\/tags?post=18834"}],"curies":[{"name":"wp","href":"https:\/\/api.w.org\/{rel}","templated":true}]}}