{"id":18826,"date":"2024-09-25T07:54:35","date_gmt":"2024-09-25T10:54:35","guid":{"rendered":"http:\/\/zoomproducciones.com.ar\/zoomp\/?p=18826"},"modified":"2024-09-25T07:55:04","modified_gmt":"2024-09-25T10:55:04","slug":"corrientes-envia-apoyo-a-cordoba-en-lucha-contra-incendios-forestales","status":"publish","type":"post","link":"https:\/\/zoomproducciones.com.ar\/zoomp\/corrientes-envia-apoyo-a-cordoba-en-lucha-contra-incendios-forestales\/","title":{"rendered":"Corrientes env\u00eda apoyo a C\u00f3rdoba en lucha contra los incendios forestales"},"content":{"rendered":"\n<p>Ante la cr\u00edtica situaci\u00f3n que atraviesa C\u00f3rdoba por los incendios forestales, Corrientes env\u00eda un equipo de rescatistas especializados para colaborar en la lucha contra las llamas.<\/p>\n\n\n\n<p>El equipo, liderado por el sub comandante Gallardo y el oficial Benitez, partir\u00e1 este martes a las 23 horas hacia las zonas m\u00e1s afectadas: Capilla del Monte, Villa Berna, Salsacate y La Granja.<\/p>\n\n\n\n<p>El comando correntino viaja equipado con dos camionetas y un carro h\u00eddrico, y se dirigir\u00e1 a Potrero de los Funes para coordinar acciones con el director de Defensa Civil, la Fuerza Cruz del Sur y las autoridades de San Luis, con el objetivo de atacar los incendios desde esa provincia.<\/p>\n\n\n\n<p>En C\u00f3rdoba, m\u00e1s de 800 bomberos trabajan sin descanso para contener las llamas, con el apoyo de siete aviones hidrantes y seis helic\u00f3pteros. La sequ\u00eda, el intenso calor, los vientos y la falta de lluvia dificultan la situaci\u00f3n.<\/p>\n\n\n\n<p>Actualmente, se registran cuatro focos activos, siendo el m\u00e1s extenso el iniciado en Capilla del Monte, que se ha extendido hacia Los Cocos, Las Gemelas y San Marcos Sierras. Otro foco importante afecta la regi\u00f3n de Ascochinga.<\/p>\n\n\n\n<p>La situaci\u00f3n m\u00e1s cr\u00edtica se encuentra en San Marcos Sierras, donde las viviendas est\u00e1n en mayor riesgo y se concentran todos los recursos disponibles. Otros focos activos se encuentran en Chancan\u00ed y Villa Berna.<\/p>\n\n\n\n<p>El domingo, unos 600 bomberos lucharon contra el fuego, y se reportaron evacuaciones en San Esteban, donde cinco casas fueron destruidas y varias m\u00e1s sufrieron da\u00f1os. A pesar de la gravedad, no se registraron v\u00edctimas fatales, pero el fuego ha causado estragos en la fauna y el monte nativo.<\/p>\n","protected":false},"excerpt":{"rendered":"<p>Ante la cr\u00edtica situaci\u00f3n que atraviesa C\u00f3rdoba por los incendios forestales, Corrientes env\u00eda un equipo de rescatistas especializados para colaborar en la lucha contra las llamas. El equipo, liderado por el sub comandante Gallardo y el oficial Benitez, partir\u00e1 este martes a las 23 horas hacia las zonas m\u00e1s afectadas: Capilla del Monte, Villa Berna, [&hellip;]<\/p>\n","protected":false},"author":2,"featured_media":18827,"comment_status":"closed","ping_status":"open","sticky":false,"template":"","format":"standard","meta":{"footnotes":""},"categories":[3],"tags":[42],"class_list":{"0":"post-18826","1":"post","2":"type-post","3":"status-publish","4":"format-standard","5":"has-post-thumbnail","7":"category-provinciales","8":"tag-featured"},"_links":{"self":[{"href":"https:\/\/zoomproducciones.com.ar\/zoomp\/wp-json\/wp\/v2\/posts\/18826","targetHints":{"allow":["GET"]}}],"collection":[{"href":"https:\/\/zoomproducciones.com.ar\/zoomp\/wp-json\/wp\/v2\/posts"}],"about":[{"href":"https:\/\/zoomproducciones.com.ar\/zoomp\/wp-json\/wp\/v2\/types\/post"}],"author":[{"embeddable":true,"href":"https:\/\/zoomproducciones.com.ar\/zoomp\/wp-json\/wp\/v2\/users\/2"}],"replies":[{"embeddable":true,"href":"https:\/\/zoomproducciones.com.ar\/zoomp\/wp-json\/wp\/v2\/comments?post=18826"}],"version-history":[{"count":2,"href":"https:\/\/zoomproducciones.com.ar\/zoomp\/wp-json\/wp\/v2\/posts\/18826\/revisions"}],"predecessor-version":[{"id":18831,"href":"https:\/\/zoomproducciones.com.ar\/zoomp\/wp-json\/wp\/v2\/posts\/18826\/revisions\/18831"}],"wp:featuredmedia":[{"embeddable":true,"href":"https:\/\/zoomproducciones.com.ar\/zoomp\/wp-json\/wp\/v2\/media\/18827"}],"wp:attachment":[{"href":"https:\/\/zoomproducciones.com.ar\/zoomp\/wp-json\/wp\/v2\/media?parent=18826"}],"wp:term":[{"taxonomy":"category","embeddable":true,"href":"https:\/\/zoomproducciones.com.ar\/zoomp\/wp-json\/wp\/v2\/categories?post=18826"},{"taxonomy":"post_tag","embeddable":true,"href":"https:\/\/zoomproducciones.com.ar\/zoomp\/wp-json\/wp\/v2\/tags?post=18826"}],"curies":[{"name":"wp","href":"https:\/\/api.w.org\/{rel}","templated":true}]}}