{"id":18824,"date":"2024-09-25T07:54:34","date_gmt":"2024-09-25T10:54:34","guid":{"rendered":"http:\/\/zoomproducciones.com.ar\/zoomp\/?p=18824"},"modified":"2024-09-25T07:54:35","modified_gmt":"2024-09-25T10:54:35","slug":"milei-viaja-a-cordoba-en-medio-de-la-crisis-por-los-incendios","status":"publish","type":"post","link":"https:\/\/zoomproducciones.com.ar\/zoomp\/milei-viaja-a-cordoba-en-medio-de-la-crisis-por-los-incendios\/","title":{"rendered":"Milei viaja a C\u00f3rdoba en medio de la crisis por los incendios"},"content":{"rendered":"\n<p>El presidente Javier Milei se trasladar\u00e1 este mi\u00e9rcoles al mediod\u00eda a la provincia de C\u00f3rdoba, afectada por devastadores incendios que han causado estragos ambientales, econ\u00f3micos y sociales.<\/p>\n\n\n\n<p>La comitiva presidencial estar\u00e1 integrada por la Secretaria General de la Presidencia, Karina Milei, y el Jefe de Gabinete, Guillermo Francos.<\/p>\n\n\n\n<p>El viaje se produce tras el avance de los incendios que han arrasado m\u00e1s de 40 mil hect\u00e1reas forestales, dejando a muchas familias y productores sin hogar y con p\u00e9rdidas econ\u00f3micas.<\/p>\n\n\n\n<p>Milei llegar\u00e1 a C\u00f3rdoba luego de retornar de su gira oficial por Estados Unidos.<\/p>\n\n\n\n<p>Tras reunirse este martes con la presidenta de la Comisi\u00f3n Europea, \u00darsula von der Leyen, el mandatario emprender\u00e1 su viaje de regreso en un vuelo que partir\u00e1 a las 22 hs desde Nueva York. Se estima que llegar\u00e1 a Argentina a las 7 de la ma\u00f1ana del mi\u00e9rcoles.<\/p>\n","protected":false},"excerpt":{"rendered":"<p>El presidente Javier Milei se trasladar\u00e1 este mi\u00e9rcoles al mediod\u00eda a la provincia de C\u00f3rdoba, afectada por devastadores incendios que han causado estragos ambientales, econ\u00f3micos y sociales. La comitiva presidencial estar\u00e1 integrada por la Secretaria General de la Presidencia, Karina Milei, y el Jefe de Gabinete, Guillermo Francos. El viaje se produce tras el avance [&hellip;]<\/p>\n","protected":false},"author":2,"featured_media":18825,"comment_status":"closed","ping_status":"open","sticky":false,"template":"","format":"standard","meta":{"footnotes":""},"categories":[8],"tags":[42],"class_list":{"0":"post-18824","1":"post","2":"type-post","3":"status-publish","4":"format-standard","5":"has-post-thumbnail","7":"category-nacionales","8":"tag-featured"},"_links":{"self":[{"href":"https:\/\/zoomproducciones.com.ar\/zoomp\/wp-json\/wp\/v2\/posts\/18824","targetHints":{"allow":["GET"]}}],"collection":[{"href":"https:\/\/zoomproducciones.com.ar\/zoomp\/wp-json\/wp\/v2\/posts"}],"about":[{"href":"https:\/\/zoomproducciones.com.ar\/zoomp\/wp-json\/wp\/v2\/types\/post"}],"author":[{"embeddable":true,"href":"https:\/\/zoomproducciones.com.ar\/zoomp\/wp-json\/wp\/v2\/users\/2"}],"replies":[{"embeddable":true,"href":"https:\/\/zoomproducciones.com.ar\/zoomp\/wp-json\/wp\/v2\/comments?post=18824"}],"version-history":[{"count":1,"href":"https:\/\/zoomproducciones.com.ar\/zoomp\/wp-json\/wp\/v2\/posts\/18824\/revisions"}],"predecessor-version":[{"id":18828,"href":"https:\/\/zoomproducciones.com.ar\/zoomp\/wp-json\/wp\/v2\/posts\/18824\/revisions\/18828"}],"wp:featuredmedia":[{"embeddable":true,"href":"https:\/\/zoomproducciones.com.ar\/zoomp\/wp-json\/wp\/v2\/media\/18825"}],"wp:attachment":[{"href":"https:\/\/zoomproducciones.com.ar\/zoomp\/wp-json\/wp\/v2\/media?parent=18824"}],"wp:term":[{"taxonomy":"category","embeddable":true,"href":"https:\/\/zoomproducciones.com.ar\/zoomp\/wp-json\/wp\/v2\/categories?post=18824"},{"taxonomy":"post_tag","embeddable":true,"href":"https:\/\/zoomproducciones.com.ar\/zoomp\/wp-json\/wp\/v2\/tags?post=18824"}],"curies":[{"name":"wp","href":"https:\/\/api.w.org\/{rel}","templated":true}]}}