{"id":18816,"date":"2024-09-24T08:21:18","date_gmt":"2024-09-24T11:21:18","guid":{"rendered":"http:\/\/zoomproducciones.com.ar\/zoomp\/?p=18816"},"modified":"2024-09-24T08:21:19","modified_gmt":"2024-09-24T11:21:19","slug":"la-vuelta-de-los-piojos-se-tine-de-polemica-micky-rodriguez-no-estara-en-la-banda","status":"publish","type":"post","link":"https:\/\/zoomproducciones.com.ar\/zoomp\/la-vuelta-de-los-piojos-se-tine-de-polemica-micky-rodriguez-no-estara-en-la-banda\/","title":{"rendered":"La vuelta de Los Piojos se ti\u00f1e de pol\u00e9mica: Micky Rodr\u00edguez no estar\u00e1 en la banda"},"content":{"rendered":"\n<p>La esperada vuelta de Los Piojos, que se concretar\u00e1 el 14 y 15 de diciembre en el Estadio \u00danico de La Plata, se vio empa\u00f1ada por la ausencia de Micky Rodr\u00edguez, bajista fundador de la banda.<\/p>\n\n\n\n<p>En un fuerte posteo en redes sociales, Rodr\u00edguez expres\u00f3 su desilusi\u00f3n por no formar parte del regreso, asegurando que se enter\u00f3 de la noticia por las redes sociales y que no fue consultado en ninguna decisi\u00f3n.<\/p>\n\n\n\n<p>\u201cMe sent\u00ed hostigado, maltratado, subestimado, ninguneado y no me lo merezco\u00bb, escribi\u00f3 Rodr\u00edguez, quien asegur\u00f3 que contar\u00e1 la \u00abhistoria completa\u00bb de su decisi\u00f3n m\u00e1s adelante.<\/p>\n\n\n\n<p>La banda, por su parte, desminti\u00f3 las declaraciones de Rodr\u00edguez a trav\u00e9s de un comunicado oficial.<\/p>\n\n\n\n<p>\u00abMickie vino a todas las reuniones y estuvo al tanto de todo desde el primer momento. Asegur\u00f3 que estaba adentro. Lo seguiremos esperando\u00bb, aclar\u00f3 la banda, que confirm\u00f3 la participaci\u00f3n de Andr\u00e9s Ciro, Piti, Dani, Roger, Chucky, el Chango, Juan \u00c1balos y Tavo (cuya hija Lara estar\u00e1 presente en el escenario).<\/p>\n\n\n\n<figure class=\"wp-block-image size-full\"><a href=\"http:\/\/zoomproducciones.com.ar\/zoomp\/wp-content\/uploads\/2024\/09\/image-126.png\"><img loading=\"lazy\" decoding=\"async\" width=\"576\" height=\"720\" src=\"http:\/\/zoomproducciones.com.ar\/zoomp\/wp-content\/uploads\/2024\/09\/image-126.png\" alt=\"\" class=\"wp-image-18817\" srcset=\"https:\/\/zoomproducciones.com.ar\/zoomp\/wp-content\/uploads\/2024\/09\/image-126.png 576w, https:\/\/zoomproducciones.com.ar\/zoomp\/wp-content\/uploads\/2024\/09\/image-126-240x300.png 240w\" sizes=\"auto, (max-width: 576px) 100vw, 576px\" \/><\/a><\/figure>\n\n\n\n<p>La pol\u00e9mica desatada por la ausencia de Rodr\u00edguez dividi\u00f3 a los fans de la banda, que esperan con ansias el regreso de Los Piojos a los escenarios luego de 15 a\u00f1os.<\/p>\n","protected":false},"excerpt":{"rendered":"<p>La esperada vuelta de Los Piojos, que se concretar\u00e1 el 14 y 15 de diciembre en el Estadio \u00danico de La Plata, se vio empa\u00f1ada por la ausencia de Micky Rodr\u00edguez, bajista fundador de la banda. En un fuerte posteo en redes sociales, Rodr\u00edguez expres\u00f3 su desilusi\u00f3n por no formar parte del regreso, asegurando que [&hellip;]<\/p>\n","protected":false},"author":2,"featured_media":18818,"comment_status":"closed","ping_status":"open","sticky":false,"template":"","format":"standard","meta":{"footnotes":""},"categories":[8],"tags":[511],"class_list":{"0":"post-18816","1":"post","2":"type-post","3":"status-publish","4":"format-standard","5":"has-post-thumbnail","7":"category-nacionales","8":"tag-bloque-2"},"_links":{"self":[{"href":"https:\/\/zoomproducciones.com.ar\/zoomp\/wp-json\/wp\/v2\/posts\/18816","targetHints":{"allow":["GET"]}}],"collection":[{"href":"https:\/\/zoomproducciones.com.ar\/zoomp\/wp-json\/wp\/v2\/posts"}],"about":[{"href":"https:\/\/zoomproducciones.com.ar\/zoomp\/wp-json\/wp\/v2\/types\/post"}],"author":[{"embeddable":true,"href":"https:\/\/zoomproducciones.com.ar\/zoomp\/wp-json\/wp\/v2\/users\/2"}],"replies":[{"embeddable":true,"href":"https:\/\/zoomproducciones.com.ar\/zoomp\/wp-json\/wp\/v2\/comments?post=18816"}],"version-history":[{"count":1,"href":"https:\/\/zoomproducciones.com.ar\/zoomp\/wp-json\/wp\/v2\/posts\/18816\/revisions"}],"predecessor-version":[{"id":18819,"href":"https:\/\/zoomproducciones.com.ar\/zoomp\/wp-json\/wp\/v2\/posts\/18816\/revisions\/18819"}],"wp:featuredmedia":[{"embeddable":true,"href":"https:\/\/zoomproducciones.com.ar\/zoomp\/wp-json\/wp\/v2\/media\/18818"}],"wp:attachment":[{"href":"https:\/\/zoomproducciones.com.ar\/zoomp\/wp-json\/wp\/v2\/media?parent=18816"}],"wp:term":[{"taxonomy":"category","embeddable":true,"href":"https:\/\/zoomproducciones.com.ar\/zoomp\/wp-json\/wp\/v2\/categories?post=18816"},{"taxonomy":"post_tag","embeddable":true,"href":"https:\/\/zoomproducciones.com.ar\/zoomp\/wp-json\/wp\/v2\/tags?post=18816"}],"curies":[{"name":"wp","href":"https:\/\/api.w.org\/{rel}","templated":true}]}}