{"id":18810,"date":"2024-09-24T08:15:35","date_gmt":"2024-09-24T11:15:35","guid":{"rendered":"http:\/\/zoomproducciones.com.ar\/zoomp\/?p=18810"},"modified":"2024-09-24T08:15:36","modified_gmt":"2024-09-24T11:15:36","slug":"en-capital-piden-que-el-boleto-de-colectivo-aumente-a-1550","status":"publish","type":"post","link":"https:\/\/zoomproducciones.com.ar\/zoomp\/en-capital-piden-que-el-boleto-de-colectivo-aumente-a-1550\/","title":{"rendered":"En Capital piden que el boleto de colectivo aumente a $1550"},"content":{"rendered":"\n<p>El Sistema Integrado de Movilidad Urbana (Simu) se reuni\u00f3 este lunes para analizar un nuevo aumento del boleto de colectivo en la ciudad de Corrientes, seg\u00fan informaron fuentes oficiales.<\/p>\n\n\n\n<p>Participaron representantes de la c\u00e1mara de transporte (Cetuc), la Uni\u00f3n Tranviarios Automotor (UTA), empresarios, el Ejecutivo Municipal y el Concejo Deliberante.<\/p>\n\n\n\n<p>La Cetuc propuso una tarifa plana de $1.549,76, mientras que el Municipio solicit\u00f3 un boleto a $1.302.<\/p>\n\n\n\n<p>La concejal Mercedes Laprovitta, de la oposici\u00f3n, expres\u00f3 su rechazo al aumento, se\u00f1alando que se trata del cuarto incremento en lo que va del a\u00f1o.<\/p>\n\n\n\n<p>Laprovitta solicit\u00f3 que el secretario de Hacienda de la Municipalidad de Corrientes, Guillermo Corrales, explique la postura del Ejecutivo en Audiencia P\u00fablica.<\/p>\n","protected":false},"excerpt":{"rendered":"<p>El Sistema Integrado de Movilidad Urbana (Simu) se reuni\u00f3 este lunes para analizar un nuevo aumento del boleto de colectivo en la ciudad de Corrientes, seg\u00fan informaron fuentes oficiales. Participaron representantes de la c\u00e1mara de transporte (Cetuc), la Uni\u00f3n Tranviarios Automotor (UTA), empresarios, el Ejecutivo Municipal y el Concejo Deliberante. La Cetuc propuso una tarifa [&hellip;]<\/p>\n","protected":false},"author":2,"featured_media":18811,"comment_status":"closed","ping_status":"open","sticky":false,"template":"","format":"standard","meta":{"footnotes":""},"categories":[3],"tags":[511],"class_list":{"0":"post-18810","1":"post","2":"type-post","3":"status-publish","4":"format-standard","5":"has-post-thumbnail","7":"category-provinciales","8":"tag-bloque-2"},"_links":{"self":[{"href":"https:\/\/zoomproducciones.com.ar\/zoomp\/wp-json\/wp\/v2\/posts\/18810","targetHints":{"allow":["GET"]}}],"collection":[{"href":"https:\/\/zoomproducciones.com.ar\/zoomp\/wp-json\/wp\/v2\/posts"}],"about":[{"href":"https:\/\/zoomproducciones.com.ar\/zoomp\/wp-json\/wp\/v2\/types\/post"}],"author":[{"embeddable":true,"href":"https:\/\/zoomproducciones.com.ar\/zoomp\/wp-json\/wp\/v2\/users\/2"}],"replies":[{"embeddable":true,"href":"https:\/\/zoomproducciones.com.ar\/zoomp\/wp-json\/wp\/v2\/comments?post=18810"}],"version-history":[{"count":1,"href":"https:\/\/zoomproducciones.com.ar\/zoomp\/wp-json\/wp\/v2\/posts\/18810\/revisions"}],"predecessor-version":[{"id":18812,"href":"https:\/\/zoomproducciones.com.ar\/zoomp\/wp-json\/wp\/v2\/posts\/18810\/revisions\/18812"}],"wp:featuredmedia":[{"embeddable":true,"href":"https:\/\/zoomproducciones.com.ar\/zoomp\/wp-json\/wp\/v2\/media\/18811"}],"wp:attachment":[{"href":"https:\/\/zoomproducciones.com.ar\/zoomp\/wp-json\/wp\/v2\/media?parent=18810"}],"wp:term":[{"taxonomy":"category","embeddable":true,"href":"https:\/\/zoomproducciones.com.ar\/zoomp\/wp-json\/wp\/v2\/categories?post=18810"},{"taxonomy":"post_tag","embeddable":true,"href":"https:\/\/zoomproducciones.com.ar\/zoomp\/wp-json\/wp\/v2\/tags?post=18810"}],"curies":[{"name":"wp","href":"https:\/\/api.w.org\/{rel}","templated":true}]}}