{"id":18803,"date":"2024-09-24T08:06:32","date_gmt":"2024-09-24T11:06:32","guid":{"rendered":"http:\/\/zoomproducciones.com.ar\/zoomp\/?p=18803"},"modified":"2024-09-24T08:06:33","modified_gmt":"2024-09-24T11:06:33","slug":"milei-se-presentara-ante-la-onu-con-un-fuerte-cuestionamiento-a-la-agenda-2030","status":"publish","type":"post","link":"https:\/\/zoomproducciones.com.ar\/zoomp\/milei-se-presentara-ante-la-onu-con-un-fuerte-cuestionamiento-a-la-agenda-2030\/","title":{"rendered":"Milei se presentar\u00e1 ante la ONU con un fuerte cuestionamiento a la Agenda 2030"},"content":{"rendered":"\n<p>El presidente de Argentina, Javier Milei, se presentar\u00e1 ante la Asamblea General de las Naciones Unidas (ONU) este martes en el marco del debate general de la 79\u00aa edici\u00f3n del evento anual de la organizaci\u00f3n. Tras su intervenci\u00f3n en Wall Street, Milei dirigir\u00e1 su mensaje en el segundo bloque de exposiciones de la tarde.<\/p>\n\n\n\n<p>La 79\u00aa Asamblea General de la ONU, que se extender\u00e1 hasta el 30 de septiembre, gira en torno al lema \u201c<strong>No dejar a nadie atr\u00e1s: actuando juntos por el avance de la paz<\/strong>, el desarrollo sustentable y la dignidad humana para las presentes y futuras generaciones\u201d.<\/p>\n\n\n\n<p>Durante la semana, la ONU llevar\u00e1 a cabo tres reuniones especiales con representantes de todo el mundo, dedicadas a las amenazas existenciales por el aumento en el nivel del mar, la eliminaci\u00f3n total de las armas nucleares y la resistencia a los antimicrobianos.<\/p>\n\n\n\n<p>Milei, inicialmente programado para hablar despu\u00e9s del presidente de Ir\u00e1n, Masoud Pezeshkian, solicit\u00f3 cambiar el orden de intervenci\u00f3n para evitar coincidir con el mandatario iran\u00ed. Finalmente, el presidente de El Salvador, Nayib Bukele, hablar\u00e1 entre los turnos de Ir\u00e1n y Argentina.<\/p>\n\n\n\n<p>Est\u00e1 previsto que <strong>Milei tome la palabra alrededor de las 16:30,<\/strong> aunque el horario podr\u00eda retrasarse debido a la duraci\u00f3n de los discursos de los l\u00edderes de los 193 pa\u00edses miembros de la ONU.<\/p>\n\n\n\n<p>Se esperan <strong>nuevas cr\u00edticas de Milei a la cuesti\u00f3n ambiental y las pol\u00edticas de g\u00e9nero, p<\/strong>ilares del plan de acci\u00f3n que impulsa la ONU. En ese sentido, este fin de semana la canciller argentina, <strong>Diana Mondino, anunci\u00f3 que Argentina no suscribir\u00eda el denominado \u00abPacto del Futuro\u00bb,<\/strong> un plan de 56 acciones y m\u00e1s de 100 propuestas para buscar soluciones conjuntas a cuestiones como la paz mundial, el cambio clim\u00e1tico y el uso de la inteligencia artificial.<\/p>\n","protected":false},"excerpt":{"rendered":"<p>El presidente de Argentina, Javier Milei, se presentar\u00e1 ante la Asamblea General de las Naciones Unidas (ONU) este martes en el marco del debate general de la 79\u00aa edici\u00f3n del evento anual de la organizaci\u00f3n. Tras su intervenci\u00f3n en Wall Street, Milei dirigir\u00e1 su mensaje en el segundo bloque de exposiciones de la tarde. La [&hellip;]<\/p>\n","protected":false},"author":2,"featured_media":18804,"comment_status":"closed","ping_status":"open","sticky":false,"template":"","format":"standard","meta":{"footnotes":""},"categories":[8],"tags":[511],"class_list":{"0":"post-18803","1":"post","2":"type-post","3":"status-publish","4":"format-standard","5":"has-post-thumbnail","7":"category-nacionales","8":"tag-bloque-2"},"_links":{"self":[{"href":"https:\/\/zoomproducciones.com.ar\/zoomp\/wp-json\/wp\/v2\/posts\/18803","targetHints":{"allow":["GET"]}}],"collection":[{"href":"https:\/\/zoomproducciones.com.ar\/zoomp\/wp-json\/wp\/v2\/posts"}],"about":[{"href":"https:\/\/zoomproducciones.com.ar\/zoomp\/wp-json\/wp\/v2\/types\/post"}],"author":[{"embeddable":true,"href":"https:\/\/zoomproducciones.com.ar\/zoomp\/wp-json\/wp\/v2\/users\/2"}],"replies":[{"embeddable":true,"href":"https:\/\/zoomproducciones.com.ar\/zoomp\/wp-json\/wp\/v2\/comments?post=18803"}],"version-history":[{"count":1,"href":"https:\/\/zoomproducciones.com.ar\/zoomp\/wp-json\/wp\/v2\/posts\/18803\/revisions"}],"predecessor-version":[{"id":18805,"href":"https:\/\/zoomproducciones.com.ar\/zoomp\/wp-json\/wp\/v2\/posts\/18803\/revisions\/18805"}],"wp:featuredmedia":[{"embeddable":true,"href":"https:\/\/zoomproducciones.com.ar\/zoomp\/wp-json\/wp\/v2\/media\/18804"}],"wp:attachment":[{"href":"https:\/\/zoomproducciones.com.ar\/zoomp\/wp-json\/wp\/v2\/media?parent=18803"}],"wp:term":[{"taxonomy":"category","embeddable":true,"href":"https:\/\/zoomproducciones.com.ar\/zoomp\/wp-json\/wp\/v2\/categories?post=18803"},{"taxonomy":"post_tag","embeddable":true,"href":"https:\/\/zoomproducciones.com.ar\/zoomp\/wp-json\/wp\/v2\/tags?post=18803"}],"curies":[{"name":"wp","href":"https:\/\/api.w.org\/{rel}","templated":true}]}}