{"id":18789,"date":"2024-09-24T07:46:38","date_gmt":"2024-09-24T10:46:38","guid":{"rendered":"http:\/\/zoomproducciones.com.ar\/zoomp\/?p=18789"},"modified":"2024-09-24T07:46:39","modified_gmt":"2024-09-24T10:46:39","slug":"la-justicia-argentina-ordeno-la-detencion-de-nicolas-maduro-por-crimenes-de-lesa-humanidad","status":"publish","type":"post","link":"https:\/\/zoomproducciones.com.ar\/zoomp\/la-justicia-argentina-ordeno-la-detencion-de-nicolas-maduro-por-crimenes-de-lesa-humanidad\/","title":{"rendered":"La Justicia Argentina orden\u00f3 la detenci\u00f3n de Nicol\u00e1s Maduro por cr\u00edmenes de lesa humanidad"},"content":{"rendered":"\n<p>La C\u00e1mara Federal de Argentina orden\u00f3 la detenci\u00f3n y captura del venezolano Nicol\u00e1s Maduro y uno de sus principales colaboradores, Diosdado Cabello, por c<strong>onsiderarlos responsables de un plan sistem\u00e1tico de persecuci\u00f3n pol\u00edtica, detenci\u00f3n, secuestro y tortura<\/strong> de ciudadanos venezolanos.<\/p>\n\n\n\n<p>El fallo hist\u00f3rico, dictado por los jueces <strong>Mariano Llorens, Pablo Bertuzzi y Leopoldo Bruglia<\/strong> por unanimidad, <strong>tambi\u00e9n alcanza a m\u00e1s de 30 jerarcas y militares chavistas,<\/strong> incluyendo miembros de las Fuerzas Armadas, las de Seguridad, la Guardia Nacional Bolivariana y agentes de inteligencia.<\/p>\n\n\n\n<p>La decisi\u00f3n se basa en una denuncia presentada en Argentina bajo el principio de jurisdicci\u00f3n universal, que <strong>permite a los pa\u00edses procesar graves delitos contra los derechos humanos<\/strong> sin importar d\u00f3nde fueron cometidos, la nacionalidad del autor y de la v\u00edctima.<\/p>\n\n\n\n<p>Se solicitar\u00e1 a Interpol la emisi\u00f3n de alertas rojas para la captura de los acusados, lo que podr\u00eda dificultar sus movimientos internacionales.<\/p>\n\n\n\n<p>\u00abLas \u00f3rdenes de captura, con fines de extradici\u00f3n, servir\u00e1n para que todas aquellas naciones que por motivos ideol\u00f3gicos o econ\u00f3micos a\u00fan mantienen posiciones ambivalentes sobre lo que pasa en Venezuela, ya no puedan desentenderse de los graves cr\u00edmenes de lesa humanidad que el gobierno que encabeza Nicol\u00e1s Maduro Moros <strong>perpetra de manera sistem\u00e1tica para generar terror en la poblaci\u00f3n civil y de esa forma perpetuarse en el poder<\/strong>\u00ab, se\u00f1al\u00f3 Tom\u00e1s Farini Duggan, uno de los abogados que impuls\u00f3 la denuncia.<\/p>\n\n\n\n<p>Farini Duggan, junto al actual ministro de seguridad porte\u00f1a Waldo Wolff, lideraron esta segunda etapa de denuncias contra Maduro y los dirigentes chavistas en Argentina. Tambi\u00e9n trabajan en conjunto con otros pa\u00edses para presentar una denuncia ante la Corte Penal Internacional.<\/p>\n","protected":false},"excerpt":{"rendered":"<p>La C\u00e1mara Federal de Argentina orden\u00f3 la detenci\u00f3n y captura del venezolano Nicol\u00e1s Maduro y uno de sus principales colaboradores, Diosdado Cabello, por considerarlos responsables de un plan sistem\u00e1tico de persecuci\u00f3n pol\u00edtica, detenci\u00f3n, secuestro y tortura de ciudadanos venezolanos. El fallo hist\u00f3rico, dictado por los jueces Mariano Llorens, Pablo Bertuzzi y Leopoldo Bruglia por unanimidad, [&hellip;]<\/p>\n","protected":false},"author":2,"featured_media":18790,"comment_status":"closed","ping_status":"open","sticky":false,"template":"","format":"standard","meta":{"footnotes":""},"categories":[8],"tags":[42],"class_list":{"0":"post-18789","1":"post","2":"type-post","3":"status-publish","4":"format-standard","5":"has-post-thumbnail","7":"category-nacionales","8":"tag-featured"},"_links":{"self":[{"href":"https:\/\/zoomproducciones.com.ar\/zoomp\/wp-json\/wp\/v2\/posts\/18789","targetHints":{"allow":["GET"]}}],"collection":[{"href":"https:\/\/zoomproducciones.com.ar\/zoomp\/wp-json\/wp\/v2\/posts"}],"about":[{"href":"https:\/\/zoomproducciones.com.ar\/zoomp\/wp-json\/wp\/v2\/types\/post"}],"author":[{"embeddable":true,"href":"https:\/\/zoomproducciones.com.ar\/zoomp\/wp-json\/wp\/v2\/users\/2"}],"replies":[{"embeddable":true,"href":"https:\/\/zoomproducciones.com.ar\/zoomp\/wp-json\/wp\/v2\/comments?post=18789"}],"version-history":[{"count":1,"href":"https:\/\/zoomproducciones.com.ar\/zoomp\/wp-json\/wp\/v2\/posts\/18789\/revisions"}],"predecessor-version":[{"id":18791,"href":"https:\/\/zoomproducciones.com.ar\/zoomp\/wp-json\/wp\/v2\/posts\/18789\/revisions\/18791"}],"wp:featuredmedia":[{"embeddable":true,"href":"https:\/\/zoomproducciones.com.ar\/zoomp\/wp-json\/wp\/v2\/media\/18790"}],"wp:attachment":[{"href":"https:\/\/zoomproducciones.com.ar\/zoomp\/wp-json\/wp\/v2\/media?parent=18789"}],"wp:term":[{"taxonomy":"category","embeddable":true,"href":"https:\/\/zoomproducciones.com.ar\/zoomp\/wp-json\/wp\/v2\/categories?post=18789"},{"taxonomy":"post_tag","embeddable":true,"href":"https:\/\/zoomproducciones.com.ar\/zoomp\/wp-json\/wp\/v2\/tags?post=18789"}],"curies":[{"name":"wp","href":"https:\/\/api.w.org\/{rel}","templated":true}]}}