{"id":18787,"date":"2024-09-24T07:46:40","date_gmt":"2024-09-24T10:46:40","guid":{"rendered":"http:\/\/zoomproducciones.com.ar\/zoomp\/?p=18787"},"modified":"2024-09-24T07:46:41","modified_gmt":"2024-09-24T10:46:41","slug":"en-octubre-se-llevara-a-cabo-el-juicio-por-el-homicidio-de-matias-chirino","status":"publish","type":"post","link":"https:\/\/zoomproducciones.com.ar\/zoomp\/en-octubre-se-llevara-a-cabo-el-juicio-por-el-homicidio-de-matias-chirino\/","title":{"rendered":"En octubre se llevar\u00e1 a cabo el juicio por el homicidio de Mat\u00edas Chirino"},"content":{"rendered":"\n<p>Del 8 al 22 de octubre se llevar\u00e1 a cabo el juicio por el homicidio simple del joven subteniente del Ej\u00e9rcito Argentino, ocurrido en un regimiento de Paso de los Libres, Corrientes, durante un ritual de iniciaci\u00f3n. El Tribunal Oral Federal de Corrientes juzgar\u00e1 a nueve exmilitares por el crimen.<\/p>\n\n\n\n<p>Los imputados son <strong>Rub\u00e9n Dar\u00edo Ruiz, Claudio Andr\u00e9s Luna, Hugo Mart\u00ednez T\u00e1rraga Reclus, Exequiel Emanuel Aguilar, Dar\u00edo Emanuel Mart\u00ednez, Luis Facundo Acosta y Gerardo Sebasti\u00e1n Bautista<\/strong>, quienes son acusados como coautores del homicidio. Tambi\u00e9n se les acusa de abuso de autoridad en perjuicio de otros dos oficiales ingresantes que participaron del ritual.<\/p>\n\n\n\n<p><strong>Claudia Daniela Cayata y Franco Dami\u00e1n Grupico,<\/strong> calificados como part\u00edcipes secundarios de los mismos delitos, tambi\u00e9n deber\u00e1n presentarse el 8 de octubre a las 8:30 de la ma\u00f1ana para el inicio de las audiencias.<\/p>\n\n\n\n<p>Durante el juicio, el Tribunal escuchar\u00e1 a <strong>37 testigos <\/strong>para determinar las circunstancias que rodearon la muerte del joven subteniente en la madrugada del 19 de junio de 2022.<\/p>\n\n\n\n<p>La orden de prisi\u00f3n preventiva para los siete implicados como coautores fue emitida en septiembre de 2022, pero su ejecuci\u00f3n se retras\u00f3 debido a recursos presentados por las defensas ante la C\u00e1mara de Casaci\u00f3n de Comodoro Py. Finalmente, la C\u00e1mara rechaz\u00f3 estos recursos, que buscaban modificar la car\u00e1tula del caso a homicidio culposo, lo que llev\u00f3 a la detenci\u00f3n de los siete exmilitares.<\/p>\n\n\n\n<p>Los imputados enfrentan una condena de entre 8 y 25 a\u00f1os de prisi\u00f3n. El juicio promete ser complejo, con la expectativa de que se esclarezcan los hechos y se determine la responsabilidad de los acusados en la tr\u00e1gica muerte del joven subteniente.<\/p>\n","protected":false},"excerpt":{"rendered":"<p>Del 8 al 22 de octubre se llevar\u00e1 a cabo el juicio por el homicidio simple del joven subteniente del Ej\u00e9rcito Argentino, ocurrido en un regimiento de Paso de los Libres, Corrientes, durante un ritual de iniciaci\u00f3n. El Tribunal Oral Federal de Corrientes juzgar\u00e1 a nueve exmilitares por el crimen. Los imputados son Rub\u00e9n Dar\u00edo [&hellip;]<\/p>\n","protected":false},"author":2,"featured_media":18788,"comment_status":"closed","ping_status":"open","sticky":false,"template":"","format":"standard","meta":{"footnotes":""},"categories":[8],"tags":[42],"class_list":{"0":"post-18787","1":"post","2":"type-post","3":"status-publish","4":"format-standard","5":"has-post-thumbnail","7":"category-nacionales","8":"tag-featured"},"_links":{"self":[{"href":"https:\/\/zoomproducciones.com.ar\/zoomp\/wp-json\/wp\/v2\/posts\/18787","targetHints":{"allow":["GET"]}}],"collection":[{"href":"https:\/\/zoomproducciones.com.ar\/zoomp\/wp-json\/wp\/v2\/posts"}],"about":[{"href":"https:\/\/zoomproducciones.com.ar\/zoomp\/wp-json\/wp\/v2\/types\/post"}],"author":[{"embeddable":true,"href":"https:\/\/zoomproducciones.com.ar\/zoomp\/wp-json\/wp\/v2\/users\/2"}],"replies":[{"embeddable":true,"href":"https:\/\/zoomproducciones.com.ar\/zoomp\/wp-json\/wp\/v2\/comments?post=18787"}],"version-history":[{"count":1,"href":"https:\/\/zoomproducciones.com.ar\/zoomp\/wp-json\/wp\/v2\/posts\/18787\/revisions"}],"predecessor-version":[{"id":18792,"href":"https:\/\/zoomproducciones.com.ar\/zoomp\/wp-json\/wp\/v2\/posts\/18787\/revisions\/18792"}],"wp:featuredmedia":[{"embeddable":true,"href":"https:\/\/zoomproducciones.com.ar\/zoomp\/wp-json\/wp\/v2\/media\/18788"}],"wp:attachment":[{"href":"https:\/\/zoomproducciones.com.ar\/zoomp\/wp-json\/wp\/v2\/media?parent=18787"}],"wp:term":[{"taxonomy":"category","embeddable":true,"href":"https:\/\/zoomproducciones.com.ar\/zoomp\/wp-json\/wp\/v2\/categories?post=18787"},{"taxonomy":"post_tag","embeddable":true,"href":"https:\/\/zoomproducciones.com.ar\/zoomp\/wp-json\/wp\/v2\/tags?post=18787"}],"curies":[{"name":"wp","href":"https:\/\/api.w.org\/{rel}","templated":true}]}}