{"id":18774,"date":"2024-09-23T08:44:14","date_gmt":"2024-09-23T11:44:14","guid":{"rendered":"http:\/\/zoomproducciones.com.ar\/zoomp\/?p=18774"},"modified":"2024-09-23T08:44:17","modified_gmt":"2024-09-23T11:44:17","slug":"espert-califica-al-papa-francisco-de-ignorante-supino-y-lo-critica-por-sus-opiniones-sobre-argentina","status":"publish","type":"post","link":"https:\/\/zoomproducciones.com.ar\/zoomp\/espert-califica-al-papa-francisco-de-ignorante-supino-y-lo-critica-por-sus-opiniones-sobre-argentina\/","title":{"rendered":"Espert califica al Papa Francisco de \u00abignorante supino\u00bb y lo critica por sus opiniones sobre Argentina"},"content":{"rendered":"\n<p>El diputado nacional Jos\u00e9 Luis Espert lanz\u00f3 duras cr\u00edticas al Papa Francisco, calific\u00e1ndolo de \u00abignorante supino\u00bb sobre la realidad argentina y recomend\u00e1ndole \u00abinformarse e instruirse un poco m\u00e1s\u00bb. Espert se refiere a las opiniones del Papa sobre la situaci\u00f3n del pa\u00eds, especialmente en relaci\u00f3n a los disturbios tras el veto presidencial a la reforma jubilatoria y a la figura hist\u00f3rica de Julio Argentino Roca.<\/p>\n\n\n\n<p>\u00abCreo que ha dicho una cantidad de estupideces inimaginables en los \u00faltimos d\u00edas\u00bb, afirm\u00f3 Espert, en referencia a las declaraciones del Papa en el marco del 10\u00b0 aniversario del Primer Encuentro Mundial de Movimientos Populares, donde cuestion\u00f3 la acci\u00f3n del gobierno de Javier Milei, comparando la represi\u00f3n policial con el uso de gas pimienta y criticando la figura de Roca.<\/p>\n\n\n\n<p>Espert defiende la figura de Roca como \u00abel mejor presidente de la historia argentina\u00bb y critica al Papa por no haber criticado al gobierno de Alberto Fern\u00e1ndez por la cuarentena o a Nicol\u00e1s Maduro y Hugo Ch\u00e1vez en Venezuela.<\/p>\n\n\n\n<p>El diputado tambi\u00e9n se muestra cr\u00edtico con la recepci\u00f3n del Papa a Juan Grabois y Hugo Moyano, a quienes califica como \u00abdelincuente\u00bb y \u00abmafioso\u00bb, respectivamente.<\/p>\n\n\n\n<p>\u00abEste Gobierno est\u00e1 bajando sustancialmente el peor impuesto para los pobres, que es la inflaci\u00f3n, pero \u00bfde eso no hay m\u00e9rito y s\u00ed tiene m\u00e9rito un delincuente como Grabois o un mafioso como Moyano y los recibe? Qu\u00e9 vara rara que tiene el Papa, la verdad\u00bb, finaliz\u00f3 Espert.<\/p>\n","protected":false},"excerpt":{"rendered":"<p>El diputado nacional Jos\u00e9 Luis Espert lanz\u00f3 duras cr\u00edticas al Papa Francisco, calific\u00e1ndolo de \u00abignorante supino\u00bb sobre la realidad argentina y recomend\u00e1ndole \u00abinformarse e instruirse un poco m\u00e1s\u00bb. Espert se refiere a las opiniones del Papa sobre la situaci\u00f3n del pa\u00eds, especialmente en relaci\u00f3n a los disturbios tras el veto presidencial a la reforma jubilatoria [&hellip;]<\/p>\n","protected":false},"author":2,"featured_media":18775,"comment_status":"closed","ping_status":"open","sticky":false,"template":"","format":"standard","meta":{"footnotes":""},"categories":[8],"tags":[511],"class_list":{"0":"post-18774","1":"post","2":"type-post","3":"status-publish","4":"format-standard","5":"has-post-thumbnail","7":"category-nacionales","8":"tag-bloque-2"},"_links":{"self":[{"href":"https:\/\/zoomproducciones.com.ar\/zoomp\/wp-json\/wp\/v2\/posts\/18774","targetHints":{"allow":["GET"]}}],"collection":[{"href":"https:\/\/zoomproducciones.com.ar\/zoomp\/wp-json\/wp\/v2\/posts"}],"about":[{"href":"https:\/\/zoomproducciones.com.ar\/zoomp\/wp-json\/wp\/v2\/types\/post"}],"author":[{"embeddable":true,"href":"https:\/\/zoomproducciones.com.ar\/zoomp\/wp-json\/wp\/v2\/users\/2"}],"replies":[{"embeddable":true,"href":"https:\/\/zoomproducciones.com.ar\/zoomp\/wp-json\/wp\/v2\/comments?post=18774"}],"version-history":[{"count":1,"href":"https:\/\/zoomproducciones.com.ar\/zoomp\/wp-json\/wp\/v2\/posts\/18774\/revisions"}],"predecessor-version":[{"id":18776,"href":"https:\/\/zoomproducciones.com.ar\/zoomp\/wp-json\/wp\/v2\/posts\/18774\/revisions\/18776"}],"wp:featuredmedia":[{"embeddable":true,"href":"https:\/\/zoomproducciones.com.ar\/zoomp\/wp-json\/wp\/v2\/media\/18775"}],"wp:attachment":[{"href":"https:\/\/zoomproducciones.com.ar\/zoomp\/wp-json\/wp\/v2\/media?parent=18774"}],"wp:term":[{"taxonomy":"category","embeddable":true,"href":"https:\/\/zoomproducciones.com.ar\/zoomp\/wp-json\/wp\/v2\/categories?post=18774"},{"taxonomy":"post_tag","embeddable":true,"href":"https:\/\/zoomproducciones.com.ar\/zoomp\/wp-json\/wp\/v2\/tags?post=18774"}],"curies":[{"name":"wp","href":"https:\/\/api.w.org\/{rel}","templated":true}]}}