{"id":18771,"date":"2024-09-23T08:41:03","date_gmt":"2024-09-23T11:41:03","guid":{"rendered":"http:\/\/zoomproducciones.com.ar\/zoomp\/?p=18771"},"modified":"2024-09-23T08:41:04","modified_gmt":"2024-09-23T11:41:04","slug":"hombre-muere-tras-ser-apunalado-por-su-padre-en-una-pelea-en-corrientes","status":"publish","type":"post","link":"https:\/\/zoomproducciones.com.ar\/zoomp\/hombre-muere-tras-ser-apunalado-por-su-padre-en-una-pelea-en-corrientes\/","title":{"rendered":"Hombre muere tras ser apu\u00f1alado por su padre en una pelea en Corrientes"},"content":{"rendered":"\n<p>Un hombre falleci\u00f3 este domingo en Corrientes luego de recibir una pu\u00f1alada durante una pelea con su padre. El hecho ocurri\u00f3 en una vivienda ubicada en la calle pasaje Jabal\u00ed y Las Margaritas.<\/p>\n\n\n\n<p>Seg\u00fan informaron fuentes policiales, el joven, identificado como Guti\u00e9rrez de 25 a\u00f1os, result\u00f3 herido con un arma blanca durante una discusi\u00f3n con su padre. Fue trasladado de urgencia al Hospital Escuela, pero falleci\u00f3 a pesar de los esfuerzos m\u00e9dicos.<\/p>\n\n\n\n<p>El padre del joven fue r\u00e1pidamente localizado y detenido por la polic\u00eda. Se secuestr\u00f3 el arma utilizada en el hecho y se dio intervenci\u00f3n a la Fiscal\u00eda, que se encuentra investigando el caso.<\/p>\n","protected":false},"excerpt":{"rendered":"<p>Un hombre falleci\u00f3 este domingo en Corrientes luego de recibir una pu\u00f1alada durante una pelea con su padre. El hecho ocurri\u00f3 en una vivienda ubicada en la calle pasaje Jabal\u00ed y Las Margaritas. Seg\u00fan informaron fuentes policiales, el joven, identificado como Guti\u00e9rrez de 25 a\u00f1os, result\u00f3 herido con un arma blanca durante una discusi\u00f3n con [&hellip;]<\/p>\n","protected":false},"author":2,"featured_media":18772,"comment_status":"closed","ping_status":"open","sticky":false,"template":"","format":"standard","meta":{"footnotes":""},"categories":[3],"tags":[511],"class_list":{"0":"post-18771","1":"post","2":"type-post","3":"status-publish","4":"format-standard","5":"has-post-thumbnail","7":"category-provinciales","8":"tag-bloque-2"},"_links":{"self":[{"href":"https:\/\/zoomproducciones.com.ar\/zoomp\/wp-json\/wp\/v2\/posts\/18771","targetHints":{"allow":["GET"]}}],"collection":[{"href":"https:\/\/zoomproducciones.com.ar\/zoomp\/wp-json\/wp\/v2\/posts"}],"about":[{"href":"https:\/\/zoomproducciones.com.ar\/zoomp\/wp-json\/wp\/v2\/types\/post"}],"author":[{"embeddable":true,"href":"https:\/\/zoomproducciones.com.ar\/zoomp\/wp-json\/wp\/v2\/users\/2"}],"replies":[{"embeddable":true,"href":"https:\/\/zoomproducciones.com.ar\/zoomp\/wp-json\/wp\/v2\/comments?post=18771"}],"version-history":[{"count":1,"href":"https:\/\/zoomproducciones.com.ar\/zoomp\/wp-json\/wp\/v2\/posts\/18771\/revisions"}],"predecessor-version":[{"id":18773,"href":"https:\/\/zoomproducciones.com.ar\/zoomp\/wp-json\/wp\/v2\/posts\/18771\/revisions\/18773"}],"wp:featuredmedia":[{"embeddable":true,"href":"https:\/\/zoomproducciones.com.ar\/zoomp\/wp-json\/wp\/v2\/media\/18772"}],"wp:attachment":[{"href":"https:\/\/zoomproducciones.com.ar\/zoomp\/wp-json\/wp\/v2\/media?parent=18771"}],"wp:term":[{"taxonomy":"category","embeddable":true,"href":"https:\/\/zoomproducciones.com.ar\/zoomp\/wp-json\/wp\/v2\/categories?post=18771"},{"taxonomy":"post_tag","embeddable":true,"href":"https:\/\/zoomproducciones.com.ar\/zoomp\/wp-json\/wp\/v2\/tags?post=18771"}],"curies":[{"name":"wp","href":"https:\/\/api.w.org\/{rel}","templated":true}]}}