{"id":18751,"date":"2024-09-23T08:18:57","date_gmt":"2024-09-23T11:18:57","guid":{"rendered":"http:\/\/zoomproducciones.com.ar\/zoomp\/?p=18751"},"modified":"2024-09-23T08:18:57","modified_gmt":"2024-09-23T11:18:57","slug":"murio-la-tota-santillan-a-sus-57-anos-esperan-resultados-de-la-autopsia","status":"publish","type":"post","link":"https:\/\/zoomproducciones.com.ar\/zoomp\/murio-la-tota-santillan-a-sus-57-anos-esperan-resultados-de-la-autopsia\/","title":{"rendered":"Muri\u00f3 La Tota Santill\u00e1n a sus 57 a\u00f1os: esperan resultados de la autopsia"},"content":{"rendered":"\n<p>La muerte repentina de La Tota Santill\u00e1n, \u00edcono de la movida tropical y conductor de televisi\u00f3n, contin\u00faa conmocionando al mundo del espect\u00e1culo. El reconocido presentador fue encontrado sin vida en su domicilio en Ituzaing\u00f3, provincia de Buenos Aires.<\/p>\n\n\n\n<p>Si bien las causas exactas de su fallecimiento a\u00fan no han sido confirmadas oficialmente, se espera que la autopsia brinde mayores precisiones sobre el motivo de su deceso. Fuentes de la investigaci\u00f3n informaron que amigos y familiares de \u00abLa Tota\u00bb se presentaron en su casa el domingo a la noche, al no poder contactarlo por varios d\u00edas. Al ingresar a la vivienda, encontraron su cuerpo en el piso con parte de \u00e9l \u00abquemado\u00bb.<\/p>\n\n\n\n<p>Se conoci\u00f3 que el conductor estaba atravesando un momento dif\u00edcil, con problemas de trabajo, econ\u00f3micos y una condena por causa de g\u00e9nero, lo que seg\u00fan sus allegados lo ten\u00eda \u00abdeprimido y angustiado\u00bb.<\/p>\n\n\n\n<p>En las \u00faltimas horas, el influencer Fede Flowers public\u00f3 en sus redes sociales que \u00abaparentemente\u00bb Santill\u00e1n se electrocut\u00f3 con un sill\u00f3n. Sin embargo, esta informaci\u00f3n no ha sido confirmada por fuentes oficiales y forma parte de las especulaciones que circulan en redes sociales.<\/p>\n\n\n\n<p>La familia y allegados de La Tota Santill\u00e1n piden respeto y privacidad en este momento de duelo. La autopsia ser\u00e1 fundamental para determinar si el accidente mencionado por Flowers fue un evento fortuito o si existieron otros factores que pudieron haber contribuido a su muerte.<\/p>\n\n\n\n<p>La Tota Santill\u00e1n, cuyo nombre real era Ricardo Daniel Car\u00edas, era un referente del mundo tropical desde los a\u00f1os 90. Se consagr\u00f3 como conductor de programas emblem\u00e1ticos como \u00abPasi\u00f3n de s\u00e1bado\u00bb. En sus \u00faltimas apariciones, hab\u00eda expresado atravesar dificultades personales y de salud mental, motivo por el cual hab\u00eda estado internado en diversas oportunidades en los \u00faltimos a\u00f1os.<\/p>\n","protected":false},"excerpt":{"rendered":"<p>La muerte repentina de La Tota Santill\u00e1n, \u00edcono de la movida tropical y conductor de televisi\u00f3n, contin\u00faa conmocionando al mundo del espect\u00e1culo. El reconocido presentador fue encontrado sin vida en su domicilio en Ituzaing\u00f3, provincia de Buenos Aires. Si bien las causas exactas de su fallecimiento a\u00fan no han sido confirmadas oficialmente, se espera que [&hellip;]<\/p>\n","protected":false},"author":2,"featured_media":18752,"comment_status":"closed","ping_status":"open","sticky":false,"template":"","format":"standard","meta":{"footnotes":""},"categories":[8],"tags":[42],"class_list":{"0":"post-18751","1":"post","2":"type-post","3":"status-publish","4":"format-standard","5":"has-post-thumbnail","7":"category-nacionales","8":"tag-featured"},"_links":{"self":[{"href":"https:\/\/zoomproducciones.com.ar\/zoomp\/wp-json\/wp\/v2\/posts\/18751","targetHints":{"allow":["GET"]}}],"collection":[{"href":"https:\/\/zoomproducciones.com.ar\/zoomp\/wp-json\/wp\/v2\/posts"}],"about":[{"href":"https:\/\/zoomproducciones.com.ar\/zoomp\/wp-json\/wp\/v2\/types\/post"}],"author":[{"embeddable":true,"href":"https:\/\/zoomproducciones.com.ar\/zoomp\/wp-json\/wp\/v2\/users\/2"}],"replies":[{"embeddable":true,"href":"https:\/\/zoomproducciones.com.ar\/zoomp\/wp-json\/wp\/v2\/comments?post=18751"}],"version-history":[{"count":1,"href":"https:\/\/zoomproducciones.com.ar\/zoomp\/wp-json\/wp\/v2\/posts\/18751\/revisions"}],"predecessor-version":[{"id":18754,"href":"https:\/\/zoomproducciones.com.ar\/zoomp\/wp-json\/wp\/v2\/posts\/18751\/revisions\/18754"}],"wp:featuredmedia":[{"embeddable":true,"href":"https:\/\/zoomproducciones.com.ar\/zoomp\/wp-json\/wp\/v2\/media\/18752"}],"wp:attachment":[{"href":"https:\/\/zoomproducciones.com.ar\/zoomp\/wp-json\/wp\/v2\/media?parent=18751"}],"wp:term":[{"taxonomy":"category","embeddable":true,"href":"https:\/\/zoomproducciones.com.ar\/zoomp\/wp-json\/wp\/v2\/categories?post=18751"},{"taxonomy":"post_tag","embeddable":true,"href":"https:\/\/zoomproducciones.com.ar\/zoomp\/wp-json\/wp\/v2\/tags?post=18751"}],"curies":[{"name":"wp","href":"https:\/\/api.w.org\/{rel}","templated":true}]}}