{"id":18749,"date":"2024-09-23T08:18:55","date_gmt":"2024-09-23T11:18:55","guid":{"rendered":"http:\/\/zoomproducciones.com.ar\/zoomp\/?p=18749"},"modified":"2024-09-23T08:44:38","modified_gmt":"2024-09-23T11:44:38","slug":"papa-francisco-expresa-su-apoyo-a-la-fundacion-la-alameda-en-la-busqueda-de-loan","status":"publish","type":"post","link":"https:\/\/zoomproducciones.com.ar\/zoomp\/papa-francisco-expresa-su-apoyo-a-la-fundacion-la-alameda-en-la-busqueda-de-loan\/","title":{"rendered":"Papa Francisco expresa su apoyo a la Fundaci\u00f3n La Alameda en la b\u00fasqueda de Loan"},"content":{"rendered":"\n<p>El Papa Francisco envi\u00f3 una carta manuscrita a la Fundaci\u00f3n La Alameda, expresando su agradecimiento por el trabajo que realiza en la investigaci\u00f3n por la desaparici\u00f3n del menor Loan, quien desapareci\u00f3 el 13 de junio en Corrientes.<\/p>\n\n\n\n<p>En la misiva, el Sumo Pont\u00edfice reconoci\u00f3 la lucha constante de la fundaci\u00f3n contra la trata y la explotaci\u00f3n de personas, especialmente en relaci\u00f3n con la causa de Loan. \u00abQuerido hermano, muchas gracias por tu correo. Gracias por todo tu trabajo y, en modo especial, por lo que haces por Loan. Te acompa\u00f1o en la oraci\u00f3n. Que Jes\u00fas te bendiga y la Virgen Santa te cuide\u00bb, escribi\u00f3 el Papa.<\/p>\n\n\n\n<p>Este gesto de apoyo se suma a la preocupaci\u00f3n que Francisco ya hab\u00eda manifestado el 22 de julio, D\u00eda Internacional de Lucha contra la Trata de Personas, al pedir un \u00abEstado activo\u00bb para combatir este delito.<\/p>\n","protected":false},"excerpt":{"rendered":"<p>El Papa Francisco envi\u00f3 una carta manuscrita a la Fundaci\u00f3n La Alameda, expresando su agradecimiento por el trabajo que realiza en la investigaci\u00f3n por la desaparici\u00f3n del menor Loan, quien desapareci\u00f3 el 13 de junio en Corrientes. En la misiva, el Sumo Pont\u00edfice reconoci\u00f3 la lucha constante de la fundaci\u00f3n contra la trata y la [&hellip;]<\/p>\n","protected":false},"author":2,"featured_media":18750,"comment_status":"closed","ping_status":"open","sticky":false,"template":"","format":"standard","meta":{"footnotes":""},"categories":[533],"tags":[511],"class_list":{"0":"post-18749","1":"post","2":"type-post","3":"status-publish","4":"format-standard","5":"has-post-thumbnail","7":"category-caso-loan","8":"tag-bloque-2"},"_links":{"self":[{"href":"https:\/\/zoomproducciones.com.ar\/zoomp\/wp-json\/wp\/v2\/posts\/18749","targetHints":{"allow":["GET"]}}],"collection":[{"href":"https:\/\/zoomproducciones.com.ar\/zoomp\/wp-json\/wp\/v2\/posts"}],"about":[{"href":"https:\/\/zoomproducciones.com.ar\/zoomp\/wp-json\/wp\/v2\/types\/post"}],"author":[{"embeddable":true,"href":"https:\/\/zoomproducciones.com.ar\/zoomp\/wp-json\/wp\/v2\/users\/2"}],"replies":[{"embeddable":true,"href":"https:\/\/zoomproducciones.com.ar\/zoomp\/wp-json\/wp\/v2\/comments?post=18749"}],"version-history":[{"count":1,"href":"https:\/\/zoomproducciones.com.ar\/zoomp\/wp-json\/wp\/v2\/posts\/18749\/revisions"}],"predecessor-version":[{"id":18753,"href":"https:\/\/zoomproducciones.com.ar\/zoomp\/wp-json\/wp\/v2\/posts\/18749\/revisions\/18753"}],"wp:featuredmedia":[{"embeddable":true,"href":"https:\/\/zoomproducciones.com.ar\/zoomp\/wp-json\/wp\/v2\/media\/18750"}],"wp:attachment":[{"href":"https:\/\/zoomproducciones.com.ar\/zoomp\/wp-json\/wp\/v2\/media?parent=18749"}],"wp:term":[{"taxonomy":"category","embeddable":true,"href":"https:\/\/zoomproducciones.com.ar\/zoomp\/wp-json\/wp\/v2\/categories?post=18749"},{"taxonomy":"post_tag","embeddable":true,"href":"https:\/\/zoomproducciones.com.ar\/zoomp\/wp-json\/wp\/v2\/tags?post=18749"}],"curies":[{"name":"wp","href":"https:\/\/api.w.org\/{rel}","templated":true}]}}