{"id":18747,"date":"2024-09-23T08:18:59","date_gmt":"2024-09-23T11:18:59","guid":{"rendered":"http:\/\/zoomproducciones.com.ar\/zoomp\/?p=18747"},"modified":"2024-09-23T08:18:59","modified_gmt":"2024-09-23T11:18:59","slug":"valdes-anuncio-el-cronograma-de-pago-de-sueldos-para-estatales","status":"publish","type":"post","link":"https:\/\/zoomproducciones.com.ar\/zoomp\/valdes-anuncio-el-cronograma-de-pago-de-sueldos-para-estatales\/","title":{"rendered":"Vald\u00e9s anunci\u00f3 el cronograma de pago de sueldos para estatales"},"content":{"rendered":"\n<p>El gobernador de Corrientes, Gustavo Vald\u00e9s, anunci\u00f3 el cronograma de pago de los sueldos de septiembre para los trabajadores provinciales activos y jubilados.<\/p>\n\n\n\n<p>El pago se iniciar\u00e1 el <strong>martes 24 de septiembre<\/strong>&nbsp;para los empleados con DNI terminados en 0 y 1.<\/p>\n\n\n\n<p>El <strong>mi\u00e9rcoles 25<\/strong>, ser\u00e1 el turno de los DNI terminados en 2 y 3.<\/p>\n\n\n\n<p>El <strong>jueves 26<\/strong>, se pagar\u00e1n los sueldos de los DNI terminados en 4 y 5.<\/p>\n\n\n\n<p>El <strong>viernes 27<\/strong>, se abonar\u00e1n los sueldos de los DNI terminados en 6 y 7.<\/p>\n\n\n\n<p>Finalmente, el <strong>lunes 30<\/strong>, se pagar\u00e1n los sueldos de los DNI terminados en 8 y 9. Los montos estar\u00e1n disponibles en cajeros a partir del <strong>s\u00e1bado 28<\/strong>.<\/p>\n","protected":false},"excerpt":{"rendered":"<p>El gobernador de Corrientes, Gustavo Vald\u00e9s, anunci\u00f3 el cronograma de pago de los sueldos de septiembre para los trabajadores provinciales activos y jubilados. El pago se iniciar\u00e1 el martes 24 de septiembre&nbsp;para los empleados con DNI terminados en 0 y 1. El mi\u00e9rcoles 25, ser\u00e1 el turno de los DNI terminados en 2 y 3. [&hellip;]<\/p>\n","protected":false},"author":2,"featured_media":18748,"comment_status":"closed","ping_status":"open","sticky":false,"template":"","format":"standard","meta":{"footnotes":""},"categories":[3],"tags":[42],"class_list":{"0":"post-18747","1":"post","2":"type-post","3":"status-publish","4":"format-standard","5":"has-post-thumbnail","7":"category-provinciales","8":"tag-featured"},"_links":{"self":[{"href":"https:\/\/zoomproducciones.com.ar\/zoomp\/wp-json\/wp\/v2\/posts\/18747","targetHints":{"allow":["GET"]}}],"collection":[{"href":"https:\/\/zoomproducciones.com.ar\/zoomp\/wp-json\/wp\/v2\/posts"}],"about":[{"href":"https:\/\/zoomproducciones.com.ar\/zoomp\/wp-json\/wp\/v2\/types\/post"}],"author":[{"embeddable":true,"href":"https:\/\/zoomproducciones.com.ar\/zoomp\/wp-json\/wp\/v2\/users\/2"}],"replies":[{"embeddable":true,"href":"https:\/\/zoomproducciones.com.ar\/zoomp\/wp-json\/wp\/v2\/comments?post=18747"}],"version-history":[{"count":1,"href":"https:\/\/zoomproducciones.com.ar\/zoomp\/wp-json\/wp\/v2\/posts\/18747\/revisions"}],"predecessor-version":[{"id":18755,"href":"https:\/\/zoomproducciones.com.ar\/zoomp\/wp-json\/wp\/v2\/posts\/18747\/revisions\/18755"}],"wp:featuredmedia":[{"embeddable":true,"href":"https:\/\/zoomproducciones.com.ar\/zoomp\/wp-json\/wp\/v2\/media\/18748"}],"wp:attachment":[{"href":"https:\/\/zoomproducciones.com.ar\/zoomp\/wp-json\/wp\/v2\/media?parent=18747"}],"wp:term":[{"taxonomy":"category","embeddable":true,"href":"https:\/\/zoomproducciones.com.ar\/zoomp\/wp-json\/wp\/v2\/categories?post=18747"},{"taxonomy":"post_tag","embeddable":true,"href":"https:\/\/zoomproducciones.com.ar\/zoomp\/wp-json\/wp\/v2\/tags?post=18747"}],"curies":[{"name":"wp","href":"https:\/\/api.w.org\/{rel}","templated":true}]}}