{"id":18743,"date":"2024-09-20T18:39:44","date_gmt":"2024-09-20T21:39:44","guid":{"rendered":"http:\/\/zoomproducciones.com.ar\/zoomp\/?p=18743"},"modified":"2024-09-20T18:39:45","modified_gmt":"2024-09-20T21:39:45","slug":"este-sabado-se-realizara-una-pena-familiar-en-la-parroquia-san-jose","status":"publish","type":"post","link":"https:\/\/zoomproducciones.com.ar\/zoomp\/este-sabado-se-realizara-una-pena-familiar-en-la-parroquia-san-jose\/","title":{"rendered":"Este s\u00e1bado se realizar\u00e1 una Pe\u00f1a Familiar en la parroquia San Jos\u00e9"},"content":{"rendered":"\n<p>Una gran Pe\u00f1a Familiar se realizar\u00e1 ma\u00f1ana (s\u00e1bado 21\/9) en el sal\u00f3n de la parroquia San Jos\u00e9 de Paso de los Libres, con la intenci\u00f3n de reunir a toda la familia para compartir, desde las 21 horas, una velada musical y de sana diversi\u00f3n.<\/p>\n\n\n\n<p>Est\u00e1 prevista la presentaci\u00f3n del peque\u00f1o Tiago Aranda, \u201cMoncho\u201d Ayala y su acorde\u00f3n, Amelibio Castro y su conjunto, y Ana Clara y \u201cEl Turco\u201d; y se contar\u00e1 con la animaci\u00f3n de \u201cEl Turco\u201d Hassan.<\/p>\n\n\n\n<p>Habr\u00e1 servicio de cantina, con empanadas y bebidas, y el valor de la entrada es de $2.000.<\/p>\n\n\n<div class=\"wp-block-image\">\n<figure class=\"aligncenter size-large is-resized\"><a href=\"http:\/\/zoomproducciones.com.ar\/zoomp\/wp-content\/uploads\/2024\/09\/zPENA-FAMILIAR.jpg\"><img loading=\"lazy\" decoding=\"async\" width=\"723\" height=\"1024\" src=\"http:\/\/zoomproducciones.com.ar\/zoomp\/wp-content\/uploads\/2024\/09\/zPENA-FAMILIAR-723x1024.jpg\" alt=\"\" class=\"wp-image-18745\" style=\"width:423px;height:auto\" srcset=\"https:\/\/zoomproducciones.com.ar\/zoomp\/wp-content\/uploads\/2024\/09\/zPENA-FAMILIAR-723x1024.jpg 723w, https:\/\/zoomproducciones.com.ar\/zoomp\/wp-content\/uploads\/2024\/09\/zPENA-FAMILIAR-212x300.jpg 212w, https:\/\/zoomproducciones.com.ar\/zoomp\/wp-content\/uploads\/2024\/09\/zPENA-FAMILIAR-768x1087.jpg 768w, https:\/\/zoomproducciones.com.ar\/zoomp\/wp-content\/uploads\/2024\/09\/zPENA-FAMILIAR.jpg 904w\" sizes=\"auto, (max-width: 723px) 100vw, 723px\" \/><\/a><\/figure>\n<\/div>","protected":false},"excerpt":{"rendered":"<p>Una gran Pe\u00f1a Familiar se realizar\u00e1 ma\u00f1ana (s\u00e1bado 21\/9) en el sal\u00f3n de la parroquia San Jos\u00e9 de Paso de los Libres, con la intenci\u00f3n de reunir a toda la familia para compartir, desde las 21 horas, una velada musical y de sana diversi\u00f3n. Est\u00e1 prevista la presentaci\u00f3n del peque\u00f1o Tiago Aranda, \u201cMoncho\u201d Ayala y [&hellip;]<\/p>\n","protected":false},"author":2,"featured_media":18744,"comment_status":"closed","ping_status":"open","sticky":false,"template":"","format":"standard","meta":{"footnotes":""},"categories":[5],"tags":[511],"class_list":{"0":"post-18743","1":"post","2":"type-post","3":"status-publish","4":"format-standard","5":"has-post-thumbnail","7":"category-locales","8":"tag-bloque-2"},"_links":{"self":[{"href":"https:\/\/zoomproducciones.com.ar\/zoomp\/wp-json\/wp\/v2\/posts\/18743","targetHints":{"allow":["GET"]}}],"collection":[{"href":"https:\/\/zoomproducciones.com.ar\/zoomp\/wp-json\/wp\/v2\/posts"}],"about":[{"href":"https:\/\/zoomproducciones.com.ar\/zoomp\/wp-json\/wp\/v2\/types\/post"}],"author":[{"embeddable":true,"href":"https:\/\/zoomproducciones.com.ar\/zoomp\/wp-json\/wp\/v2\/users\/2"}],"replies":[{"embeddable":true,"href":"https:\/\/zoomproducciones.com.ar\/zoomp\/wp-json\/wp\/v2\/comments?post=18743"}],"version-history":[{"count":1,"href":"https:\/\/zoomproducciones.com.ar\/zoomp\/wp-json\/wp\/v2\/posts\/18743\/revisions"}],"predecessor-version":[{"id":18746,"href":"https:\/\/zoomproducciones.com.ar\/zoomp\/wp-json\/wp\/v2\/posts\/18743\/revisions\/18746"}],"wp:featuredmedia":[{"embeddable":true,"href":"https:\/\/zoomproducciones.com.ar\/zoomp\/wp-json\/wp\/v2\/media\/18744"}],"wp:attachment":[{"href":"https:\/\/zoomproducciones.com.ar\/zoomp\/wp-json\/wp\/v2\/media?parent=18743"}],"wp:term":[{"taxonomy":"category","embeddable":true,"href":"https:\/\/zoomproducciones.com.ar\/zoomp\/wp-json\/wp\/v2\/categories?post=18743"},{"taxonomy":"post_tag","embeddable":true,"href":"https:\/\/zoomproducciones.com.ar\/zoomp\/wp-json\/wp\/v2\/tags?post=18743"}],"curies":[{"name":"wp","href":"https:\/\/api.w.org\/{rel}","templated":true}]}}