{"id":18508,"date":"2024-09-12T08:44:55","date_gmt":"2024-09-12T11:44:55","guid":{"rendered":"http:\/\/zoomproducciones.com.ar\/zoomp\/?p=18508"},"modified":"2024-09-12T08:44:57","modified_gmt":"2024-09-12T11:44:57","slug":"paso-de-los-libres-cumple-181-anos-de-historia","status":"publish","type":"post","link":"https:\/\/zoomproducciones.com.ar\/zoomp\/paso-de-los-libres-cumple-181-anos-de-historia\/","title":{"rendered":"Paso de los Libres cumple 181 a\u00f1os de historia"},"content":{"rendered":"\n<p>Hoy, en el 181\u00b0 aniversario de Paso de los Libres, es un momento especial para recordar los or\u00edgenes y el legado hist\u00f3rico de esta ciudad. Fundada el 12 de septiembre de 1843 por el general Joaqu\u00edn Madariaga, Paso de los Libres se erige como un testimonio de valent\u00eda y libertad, con su nombre en honor a los 108 libertadores que dejaron una marca imborrable en la historia de Corrientes. Su ubicaci\u00f3n estrat\u00e9gica, a 362 kil\u00f3metros de la capital provincial y frente a la ciudad brasile\u00f1a de Uruguayana, la convierte en un punto de conexi\u00f3n clave entre Argentina y Brasil.<\/p>\n\n\n\n<p>La ciudad naci\u00f3 en el rinc\u00f3n de San Jorge, cerca de la confluencia del r\u00edo Uruguay y el arroyo Yatay, y m\u00e1s tarde fue escenario de enfrentamientos decisivos durante la Guerra de la Triple Alianza. En 1888, alcanz\u00f3 el estatus de ciudad y, con la llegada del ferrocarril en 1894, se impuls\u00f3 su desarrollo agr\u00edcola y ganadero, consolidando su econom\u00eda.<\/p>\n\n\n\n<p>Un hito crucial fue la inauguraci\u00f3n del Puente Internacional en 1947, que transform\u00f3 a Paso de los Libres en un centro comercial destacado, reforzando su papel en el comercio exterior. Su apodo, \u00abCoraz\u00f3n del MERCOSUR\u00bb, refleja no solo su importancia geopol\u00edtica, sino tambi\u00e9n su rica diversidad cultural.<\/p>\n\n\n\n<p>La ciudad tambi\u00e9n se distingue por su tradicional \u00abCarnaval de Frontera\u00bb o \u00abCarnaval Libre\u00f1o\u00bb, celebrado cada enero y febrero. Este evento fusiona las vibrantes influencias de Brasil y Argentina, con deslumbrantes desfiles de samba y coloridos trajes. Es una fiesta que refleja la esencia multicultural de Paso de los Libres, una ciudad que hoy celebra con orgullo su historia, su belleza natural y su papel como puente entre dos naciones.<\/p>\n","protected":false},"excerpt":{"rendered":"<p>Hoy, en el 181\u00b0 aniversario de Paso de los Libres, es un momento especial para recordar los or\u00edgenes y el legado hist\u00f3rico de esta ciudad. Fundada el 12 de septiembre de 1843 por el general Joaqu\u00edn Madariaga, Paso de los Libres se erige como un testimonio de valent\u00eda y libertad, con su nombre en honor [&hellip;]<\/p>\n","protected":false},"author":2,"featured_media":18509,"comment_status":"closed","ping_status":"open","sticky":false,"template":"","format":"standard","meta":{"footnotes":""},"categories":[5],"tags":[42],"class_list":{"0":"post-18508","1":"post","2":"type-post","3":"status-publish","4":"format-standard","5":"has-post-thumbnail","7":"category-locales","8":"tag-featured"},"_links":{"self":[{"href":"https:\/\/zoomproducciones.com.ar\/zoomp\/wp-json\/wp\/v2\/posts\/18508","targetHints":{"allow":["GET"]}}],"collection":[{"href":"https:\/\/zoomproducciones.com.ar\/zoomp\/wp-json\/wp\/v2\/posts"}],"about":[{"href":"https:\/\/zoomproducciones.com.ar\/zoomp\/wp-json\/wp\/v2\/types\/post"}],"author":[{"embeddable":true,"href":"https:\/\/zoomproducciones.com.ar\/zoomp\/wp-json\/wp\/v2\/users\/2"}],"replies":[{"embeddable":true,"href":"https:\/\/zoomproducciones.com.ar\/zoomp\/wp-json\/wp\/v2\/comments?post=18508"}],"version-history":[{"count":1,"href":"https:\/\/zoomproducciones.com.ar\/zoomp\/wp-json\/wp\/v2\/posts\/18508\/revisions"}],"predecessor-version":[{"id":18510,"href":"https:\/\/zoomproducciones.com.ar\/zoomp\/wp-json\/wp\/v2\/posts\/18508\/revisions\/18510"}],"wp:featuredmedia":[{"embeddable":true,"href":"https:\/\/zoomproducciones.com.ar\/zoomp\/wp-json\/wp\/v2\/media\/18509"}],"wp:attachment":[{"href":"https:\/\/zoomproducciones.com.ar\/zoomp\/wp-json\/wp\/v2\/media?parent=18508"}],"wp:term":[{"taxonomy":"category","embeddable":true,"href":"https:\/\/zoomproducciones.com.ar\/zoomp\/wp-json\/wp\/v2\/categories?post=18508"},{"taxonomy":"post_tag","embeddable":true,"href":"https:\/\/zoomproducciones.com.ar\/zoomp\/wp-json\/wp\/v2\/tags?post=18508"}],"curies":[{"name":"wp","href":"https:\/\/api.w.org\/{rel}","templated":true}]}}