{"id":18492,"date":"2024-09-11T07:57:10","date_gmt":"2024-09-11T10:57:10","guid":{"rendered":"http:\/\/zoomproducciones.com.ar\/zoomp\/?p=18492"},"modified":"2024-09-11T08:27:52","modified_gmt":"2024-09-11T11:27:52","slug":"el-gobierno-ordeno-una-compra-por-mas-de-61-millones-de-pesos-en-cafe-azucar-y-edulcorante","status":"publish","type":"post","link":"https:\/\/zoomproducciones.com.ar\/zoomp\/el-gobierno-ordeno-una-compra-por-mas-de-61-millones-de-pesos-en-cafe-azucar-y-edulcorante\/","title":{"rendered":"El Gobierno orden\u00f3 una compra por m\u00e1s de 61 millones de pesos en caf\u00e9, az\u00facar y edulcorante"},"content":{"rendered":"\n<p>El Gobierno de Javier Milei ha autorizado una compra de $61.306.200 en provisiones para desayunos y meriendas en la Casa Rosada, incluyendo caf\u00e9, az\u00facar y edulcorante. <\/p>\n\n\n\n<p>El hecho toma relevancia porque&nbsp;<strong>Cabrales S.A: fue la \u00fanica empresa que se present\u00f3 a este proceso licitatorio<\/strong>, mientras que la compra fue realizada por realizada por la&nbsp;<strong>Unidad Operativa de Contrataciones&nbsp;<\/strong>bajo la<strong>&nbsp;Direcci\u00f3n de Administraci\u00f3n de la Secretar\u00eda General de Presidencia<\/strong>, que est\u00e1 a cargo de Karina Milei, hermana del presidente.&nbsp;<\/p>\n\n\n\n<p>La compra incluye 3 mil kilos de caf\u00e9 en grano a $17.350 por kilo, 800 cajas de az\u00facar (800 sobres cada una) a $14.500 por caja, y 600 bultos de edulcorante a $3.827 cada uno.<\/p>\n\n\n\n<p>Esta compra, autorizada por el administrador Pablo Sebasti\u00e1n Benvenuto, se suma a los $16 millones destinados a la compra de medialunas y panes para los desayunos en la Casa Rosada y Olivos.<\/p>\n\n\n\n<p>La coincidencia con el proveedor del gobierno anterior y la falta de competencia en la licitaci\u00f3n del caf\u00e9, az\u00facar y edulcorante generan cuestionamientos sobre la gesti\u00f3n de la administraci\u00f3n de Milei.<\/p>\n","protected":false},"excerpt":{"rendered":"<p>El Gobierno de Javier Milei ha autorizado una compra de $61.306.200 en provisiones para desayunos y meriendas en la Casa Rosada, incluyendo caf\u00e9, az\u00facar y edulcorante. El hecho toma relevancia porque&nbsp;Cabrales S.A: fue la \u00fanica empresa que se present\u00f3 a este proceso licitatorio, mientras que la compra fue realizada por realizada por la&nbsp;Unidad Operativa de [&hellip;]<\/p>\n","protected":false},"author":2,"featured_media":18493,"comment_status":"closed","ping_status":"open","sticky":false,"template":"","format":"standard","meta":{"footnotes":""},"categories":[8],"tags":[511],"class_list":{"0":"post-18492","1":"post","2":"type-post","3":"status-publish","4":"format-standard","5":"has-post-thumbnail","7":"category-nacionales","8":"tag-bloque-2"},"_links":{"self":[{"href":"https:\/\/zoomproducciones.com.ar\/zoomp\/wp-json\/wp\/v2\/posts\/18492","targetHints":{"allow":["GET"]}}],"collection":[{"href":"https:\/\/zoomproducciones.com.ar\/zoomp\/wp-json\/wp\/v2\/posts"}],"about":[{"href":"https:\/\/zoomproducciones.com.ar\/zoomp\/wp-json\/wp\/v2\/types\/post"}],"author":[{"embeddable":true,"href":"https:\/\/zoomproducciones.com.ar\/zoomp\/wp-json\/wp\/v2\/users\/2"}],"replies":[{"embeddable":true,"href":"https:\/\/zoomproducciones.com.ar\/zoomp\/wp-json\/wp\/v2\/comments?post=18492"}],"version-history":[{"count":3,"href":"https:\/\/zoomproducciones.com.ar\/zoomp\/wp-json\/wp\/v2\/posts\/18492\/revisions"}],"predecessor-version":[{"id":18501,"href":"https:\/\/zoomproducciones.com.ar\/zoomp\/wp-json\/wp\/v2\/posts\/18492\/revisions\/18501"}],"wp:featuredmedia":[{"embeddable":true,"href":"https:\/\/zoomproducciones.com.ar\/zoomp\/wp-json\/wp\/v2\/media\/18493"}],"wp:attachment":[{"href":"https:\/\/zoomproducciones.com.ar\/zoomp\/wp-json\/wp\/v2\/media?parent=18492"}],"wp:term":[{"taxonomy":"category","embeddable":true,"href":"https:\/\/zoomproducciones.com.ar\/zoomp\/wp-json\/wp\/v2\/categories?post=18492"},{"taxonomy":"post_tag","embeddable":true,"href":"https:\/\/zoomproducciones.com.ar\/zoomp\/wp-json\/wp\/v2\/tags?post=18492"}],"curies":[{"name":"wp","href":"https:\/\/api.w.org\/{rel}","templated":true}]}}