{"id":1849,"date":"2022-11-24T10:09:03","date_gmt":"2022-11-24T13:09:03","guid":{"rendered":"http:\/\/zoomproducciones.com.ar\/zoomp\/?p=1849"},"modified":"2022-11-24T10:09:03","modified_gmt":"2022-11-24T13:09:03","slug":"norte-grande-valdes-pidio-finalizar-las-obras-en-el-aeropuerto-libreno","status":"publish","type":"post","link":"https:\/\/zoomproducciones.com.ar\/zoomp\/norte-grande-valdes-pidio-finalizar-las-obras-en-el-aeropuerto-libreno\/","title":{"rendered":"Norte Grande: Vald\u00e9s pidi\u00f3 finalizar las obras en el aeropuerto libre\u00f1o"},"content":{"rendered":"\n<p>Gustavo Vald\u00e9s, en el marco de la decimoquinta Asamblea del Norte Grande, realiz\u00f3 una serie de reclamos a Naci\u00f3n para poder concretar las obras de los aeropuertos de Paso de los Libres y Goya. \u201cTerminamos ya todos los papeles y los requisitos, as\u00ed que estamos esperando la aprobaci\u00f3n de la Naci\u00f3n\u201d expres\u00f3 el mandatario.<\/p>\n\n\n\n<p>El d\u00eda de ayer, en el Hotel de Turismo, se llev\u00f3 adelante la 15\u00b0 reuni\u00f3n de Gobernadores del Norte Grande. La misma cont\u00f3 con la presencia de funcionarios nacionales como Wado de Pedro, Victoria Tolosa Paz, Juan Manzur, entre otros.<\/p>\n\n\n\n<p>Gustavo Vald\u00e9s fue el anfitri\u00f3n del \u00faltimo evento del a\u00f1o, \u00a0ya que la pr\u00f3xima se realizar\u00e1 en la provincia de La Rioja el 16 de febrero de 2023, cuando adem\u00e1s se elegir\u00e1 el nuevo presidente del grupo.<\/p>\n\n\n\n<h2 class=\"wp-block-heading\">Reclamos<\/h2>\n\n\n\n<p>Gustavo Vald\u00e9s reclam\u00f3 la construcci\u00f3n de viviendas de madera para potenciar la industria forestal e incentivar la creaci\u00f3n de trabajo. \u201cCorrientes es la primera potencia forestal en Argentina y el Gobierno nacional no hizo una sola vivienda de madera financiada a trav\u00e9s de los fondos que establece la Ley 25.080 de Inversiones para Bosques Cultivados\u201d, dijo.\u00a0<\/p>\n\n\n\n<p>\u201cQueremos recuperar este programa, ya que estamos ejecutando muy pocas viviendas en Corrientes y queremos hacerlo con nuestra industria, porque tenemos la tecnolog\u00eda\u201d.<\/p>\n\n\n\n<h3 class=\"wp-block-heading\">\u00bbCorrientes es descriminado por Naci\u00f3n\u00bb<\/h3>\n\n\n\n<p>\u201cCon programas especiales se favorece a algunos gobiernos amigos y se olvidan de otros gobiernos, entonces cuando tocamos la cuesti\u00f3n forestal, nos vemos que estamos discriminados por el Gobierno nacional, sobre todo en la ejecuci\u00f3n de viviendas. Tenemos que proyectar la industria forestal, de madera, porque es fundamental que podamos incorporar mano de obra\u201d, advirti\u00f3.<\/p>\n\n\n\n<p>El Ministro de Obras Publicas Gabriel Katapodis, indic\u00f3: \u201cLos \u00a0materiales con que se construyen las viviendas la define cada gobierno. \u00a0La distribuci\u00f3n de los fondos la maneja el ministerio Sergio Massa\u201d, dijo.<\/p>\n\n\n\n<p>En este punto, el gobernador de Misiones Oscar Herrera Ahuad, sostuvo: \u201centiendo que no hay ninguna discriminaci\u00f3n, simplemente que se debe gestionar, cuando se dice porque no se construyen viviendas de madera en las provincias del NEA y NOA y la construye solo Misiones, es porque el Gobierno de Misiones pide que en reemplazo de la vivienda de material la hagamos de madera\u201d.<\/p>\n\n\n\n<p>\u201cSi el gobierno de Corrientes pide reemplazar 100 casas de material en casa de madera seguramente va a tener 100 casas de madera. <strong>Nosotros no tenemos un privilegio<\/strong> de construir casas de madera en la provincia sino que tenemos una decisi\u00f3n pol\u00edtica de ayudar al sector forestal en el cupo que le corresponde a Misiones que se designa a la Madera\u201d, argument\u00f3.\u00a0<\/p>\n\n\n\n<p>\u201cLo que nosotros planteamos en esta reuni\u00f3n es que ese cupo sea para todas las provincias, para que todos pidan construir un porcentaje de madera y la respuesta del ministro fue contundente. Van a tener vivienda de madera si ustedes piden, pero como nadie pide hasta ahora solo Misiones pudo construir 7000 viviendas de madera en estos \u00faltimos a\u00f1os\u201d, agreg\u00f3.<\/p>\n\n\n\n<h3 class=\"wp-block-heading\">Energ\u00eda<\/h3>\n\n\n\n<p class=\"has-medium-font-size\">El gobernador Vald\u00e9s solicit\u00f3 a los funcionarios nacionales que se permita a las provincias a trav\u00e9s de las distribuidoras entrar en el mercado de comercializaci\u00f3n de la energ\u00eda. Se\u00f1al\u00f3 que \u201choy nosotros no podemos comprar ni comercializar energ\u00eda de alguna forma\u201d, a lo que agreg\u00f3 que \u201cel sistema est\u00e1 vedado\u201d.<\/p>\n\n\n\n<p>Pidi\u00f3 que \u201cse habilite y avance en la cuesti\u00f3n, sobre todo en la posibilidad de compra de energ\u00eda y fomento de generaci\u00f3n de las nuevas fuentes energ\u00e9ticas en las distribuidoras, a trav\u00e9s de la garant\u00eda tambi\u00e9n de Cammesa (Compa\u00f1\u00eda Administradora del Mercado Mayorista El\u00e9ctrico Sociedad An\u00f3nima), de manera que podamos generar por un valor inferior a lo que nos est\u00e1 cobrando\u201d.&nbsp;<\/p>\n\n\n\n<p>El primer Mandatario, asegur\u00f3 que si se avanza hacia esta direcci\u00f3n, \u201cpodemos abaratar creo en un 20, 30 o hasta un 40% el valor de la tarifa industrial fundamentalmente, que es la m\u00e1s cara, lo que nos hace tener un mejor costo\u201d. Hizo hincapi\u00e9, adem\u00e1s, en que \u201clas provincias que no tenemos gas natural o que tenemos menor capacidad, competimos con un valor energ\u00e9tico que es superior a las provincias que tienen gas natural\u201d, por lo tanto, pidi\u00f3 que \u201ctengamos alg\u00fan tipo de ventaja en el caso de Chaco, Misiones, Formosa y Corrientes\u201d.<\/p>\n\n\n\n<h3 class=\"wp-block-heading\">Yacyret\u00e1 y Salto Grande<\/h3>\n\n\n\n<p>En este contexto, Vald\u00e9s tambi\u00e9n solicit\u00f3 al Gobierno Nacional un lugar para Corrientes.&nbsp;<\/p>\n\n\n\n<p>\u201cComo Provincia donde se encuentran 2 represas hidroel\u00e9ctricas, tanto la de Yacyret\u00e1 como la de Salto Grande, somos una de las generadoras de energ\u00eda el\u00e9ctrica m\u00e1s grande de Argentina, pero no tenemos un lugar ni un asiento permanente en ninguna de ellas\u201d.&nbsp;<\/p>\n\n\n\n<p>\u201cEsto tiene que ver con una estricta raz\u00f3n de justicia, que Corrientes tenga un lugar permanente para control y decisi\u00f3n de lo que tiene que ver con ambas represas\u201d, ya que \u201cse genera energ\u00eda con nuestros recursos naturales\u201d, fundament\u00f3.<\/p>\n\n\n\n<h3 class=\"wp-block-heading\">Aeropuertos<\/h3>\n\n\n\n<p>El mandatario provincial hizo un fuerte reclamo sobre la necesidad de avanzar con obras en el aeropuerto de Paso de los Libres para concretar obras y habilitar. \u201cTerminamos ya todos los papeles y los requisitos, as\u00ed que estamos esperando la aprobaci\u00f3n de la Naci\u00f3n\u201d.<\/p>\n\n\n\n<p>\u00bbEstamos esperando por el aeropuerto de Goya, que necesita un mantenimiento y lo vamos hacer con fondos de la Provincia\u201d, aunque \u201cme parece bueno que comencemos a organizar y ver la posibilidad de agilizar la construcci\u00f3n de pistas\u201d, agreg\u00f3 y afirm\u00f3 que \u201cnosotros queremos hacerlo, buscar financiamiento e invertir en la construcci\u00f3n de aeropuertos, pero es tanta la burocracia por parte de los organismos nacionales\u201d.<\/p>\n\n\n\n<p>Al igual tambi\u00e9n que con la construcci\u00f3n de una pista de aterrizaje en Carlos Pellegrini, para sumar una v\u00eda de transporte hacia los Esteros del Iber\u00e1 para el turismo.<\/p>\n\n\n\n<p>El Litoral.<\/p>\n","protected":false},"excerpt":{"rendered":"<p>Gustavo Vald\u00e9s, en el marco de la decimoquinta Asamblea del Norte Grande, realiz\u00f3 una serie de reclamos a Naci\u00f3n para poder concretar las obras de los aeropuertos de Paso de los Libres y Goya. \u201cTerminamos ya todos los papeles y los requisitos, as\u00ed que estamos esperando la aprobaci\u00f3n de la Naci\u00f3n\u201d expres\u00f3 el mandatario. El [&hellip;]<\/p>\n","protected":false},"author":2,"featured_media":0,"comment_status":"closed","ping_status":"open","sticky":false,"template":"","format":"standard","meta":{"footnotes":""},"categories":[3],"tags":[42,113,123,144],"class_list":{"0":"post-1849","1":"post","2":"type-post","3":"status-publish","4":"format-standard","6":"category-provinciales","7":"tag-featured","8":"tag-gobierno-provincial","9":"tag-gustavo-valdes","10":"tag-norte-grande"},"_links":{"self":[{"href":"https:\/\/zoomproducciones.com.ar\/zoomp\/wp-json\/wp\/v2\/posts\/1849","targetHints":{"allow":["GET"]}}],"collection":[{"href":"https:\/\/zoomproducciones.com.ar\/zoomp\/wp-json\/wp\/v2\/posts"}],"about":[{"href":"https:\/\/zoomproducciones.com.ar\/zoomp\/wp-json\/wp\/v2\/types\/post"}],"author":[{"embeddable":true,"href":"https:\/\/zoomproducciones.com.ar\/zoomp\/wp-json\/wp\/v2\/users\/2"}],"replies":[{"embeddable":true,"href":"https:\/\/zoomproducciones.com.ar\/zoomp\/wp-json\/wp\/v2\/comments?post=1849"}],"version-history":[{"count":1,"href":"https:\/\/zoomproducciones.com.ar\/zoomp\/wp-json\/wp\/v2\/posts\/1849\/revisions"}],"predecessor-version":[{"id":1851,"href":"https:\/\/zoomproducciones.com.ar\/zoomp\/wp-json\/wp\/v2\/posts\/1849\/revisions\/1851"}],"wp:attachment":[{"href":"https:\/\/zoomproducciones.com.ar\/zoomp\/wp-json\/wp\/v2\/media?parent=1849"}],"wp:term":[{"taxonomy":"category","embeddable":true,"href":"https:\/\/zoomproducciones.com.ar\/zoomp\/wp-json\/wp\/v2\/categories?post=1849"},{"taxonomy":"post_tag","embeddable":true,"href":"https:\/\/zoomproducciones.com.ar\/zoomp\/wp-json\/wp\/v2\/tags?post=1849"}],"curies":[{"name":"wp","href":"https:\/\/api.w.org\/{rel}","templated":true}]}}