{"id":18487,"date":"2024-09-11T07:57:12","date_gmt":"2024-09-11T10:57:12","guid":{"rendered":"http:\/\/zoomproducciones.com.ar\/zoomp\/?p=18487"},"modified":"2024-09-11T08:25:37","modified_gmt":"2024-09-11T11:25:37","slug":"especialista-desmiente-la-llegada-de-lluvia-negra-en-corrientes","status":"publish","type":"post","link":"https:\/\/zoomproducciones.com.ar\/zoomp\/especialista-desmiente-la-llegada-de-lluvia-negra-en-corrientes\/","title":{"rendered":"Especialista habla sobre la llegada de lluvia negra en Corrientes: \u00bbes poco probable\u00bb"},"content":{"rendered":"\n<p>La provincia de Corrientes se encuentra completamente cubierta por una densa cortina de humo proveniente de los incendios forestales en Brasil, Paraguay y Bolivia. Los vientos del norte han mantenido las part\u00edculas suspendidas en la atm\u00f3sfera, creando cielos grises y un sol rojizo desde la semana pasada.<\/p>\n\n\n\n<p>Se ha generado una alerta por la posible llegada de \u00ablluvia negra\u00bb, un fen\u00f3meno que se ha observado en otros pa\u00edses como Uruguay y Brasil, y que se caracteriza por la precipitaci\u00f3n de agua oscura cargada de part\u00edculas contaminantes. Sin embargo, especialistas como la Dra. Carolina Fern\u00e1ndez L\u00f3pez, doctora en Recursos Naturales, consideran que es poco probable que ocurra en Corrientes debido a que las part\u00edculas de humo se encuentran en la capa alta de la atm\u00f3sfera.<\/p>\n\n\n\n<p>Se espera que la situaci\u00f3n cambie este mi\u00e9rcoles con la llegada de una masa de aire del sur, que traer\u00e1 vientos fuertes y podr\u00eda dispersar el humo. El Servicio Meteorol\u00f3gico Nacional (SMN) emiti\u00f3 una alerta por la presencia de humo hasta la ma\u00f1ana del mi\u00e9rcoles, indicando una importante reducci\u00f3n de visibilidad.<\/p>\n\n\n\n<p>Para la tarde, se espera la llegada de un frente fr\u00edo que podr\u00eda disipar la cortina de humo, con vientos de hasta 59 km\/h y temperaturas entre 13\u00b0C y 20\u00b0C. La probabilidad de lluvias es del 40%, pero no se espera que sean lluvias negras.<\/p>\n\n\n\n<p>Las autoridades sanitarias recomiendan evitar las actividades al aire libre, proteger las v\u00edas respiratorias y oculares, y tomar precauciones al conducir ante la baja visibilidad.<\/p>\n\n\n\n<p>Fuente: El Litoral.<\/p>\n","protected":false},"excerpt":{"rendered":"<p>La provincia de Corrientes se encuentra completamente cubierta por una densa cortina de humo proveniente de los incendios forestales en Brasil, Paraguay y Bolivia. Los vientos del norte han mantenido las part\u00edculas suspendidas en la atm\u00f3sfera, creando cielos grises y un sol rojizo desde la semana pasada. Se ha generado una alerta por la posible [&hellip;]<\/p>\n","protected":false},"author":2,"featured_media":18491,"comment_status":"closed","ping_status":"open","sticky":false,"template":"","format":"standard","meta":{"footnotes":""},"categories":[3],"tags":[511],"class_list":{"0":"post-18487","1":"post","2":"type-post","3":"status-publish","4":"format-standard","5":"has-post-thumbnail","7":"category-provinciales","8":"tag-bloque-2"},"_links":{"self":[{"href":"https:\/\/zoomproducciones.com.ar\/zoomp\/wp-json\/wp\/v2\/posts\/18487","targetHints":{"allow":["GET"]}}],"collection":[{"href":"https:\/\/zoomproducciones.com.ar\/zoomp\/wp-json\/wp\/v2\/posts"}],"about":[{"href":"https:\/\/zoomproducciones.com.ar\/zoomp\/wp-json\/wp\/v2\/types\/post"}],"author":[{"embeddable":true,"href":"https:\/\/zoomproducciones.com.ar\/zoomp\/wp-json\/wp\/v2\/users\/2"}],"replies":[{"embeddable":true,"href":"https:\/\/zoomproducciones.com.ar\/zoomp\/wp-json\/wp\/v2\/comments?post=18487"}],"version-history":[{"count":2,"href":"https:\/\/zoomproducciones.com.ar\/zoomp\/wp-json\/wp\/v2\/posts\/18487\/revisions"}],"predecessor-version":[{"id":18500,"href":"https:\/\/zoomproducciones.com.ar\/zoomp\/wp-json\/wp\/v2\/posts\/18487\/revisions\/18500"}],"wp:featuredmedia":[{"embeddable":true,"href":"https:\/\/zoomproducciones.com.ar\/zoomp\/wp-json\/wp\/v2\/media\/18491"}],"wp:attachment":[{"href":"https:\/\/zoomproducciones.com.ar\/zoomp\/wp-json\/wp\/v2\/media?parent=18487"}],"wp:term":[{"taxonomy":"category","embeddable":true,"href":"https:\/\/zoomproducciones.com.ar\/zoomp\/wp-json\/wp\/v2\/categories?post=18487"},{"taxonomy":"post_tag","embeddable":true,"href":"https:\/\/zoomproducciones.com.ar\/zoomp\/wp-json\/wp\/v2\/tags?post=18487"}],"curies":[{"name":"wp","href":"https:\/\/api.w.org\/{rel}","templated":true}]}}