{"id":18485,"date":"2024-09-11T07:57:25","date_gmt":"2024-09-11T10:57:25","guid":{"rendered":"http:\/\/zoomproducciones.com.ar\/zoomp\/?p=18485"},"modified":"2024-09-11T07:57:25","modified_gmt":"2024-09-11T10:57:25","slug":"politico-correntino-detenido-por-corrupcion-de-menores-y-tenencia-de-material-de-abuso-infantil","status":"publish","type":"post","link":"https:\/\/zoomproducciones.com.ar\/zoomp\/politico-correntino-detenido-por-corrupcion-de-menores-y-tenencia-de-material-de-abuso-infantil\/","title":{"rendered":"Pol\u00edtico correntino detenido por corrupci\u00f3n de menores y tenencia de material de abuso infantil"},"content":{"rendered":"\n<p>Sixto Omar Fern\u00e1ndez, de 77 a\u00f1os, conocido como \u00abYacar\u00e9\u00bb, ex presidente del Partido Liberal de Corrientes, fue detenido en su domicilio por orden judicial. Se lo acusa de corrupci\u00f3n de menores y tenencia de material de abuso infantil.<\/p>\n\n\n\n<p>La investigaci\u00f3n, a cargo del fiscal Eugenio Balbastro, se basa en dos denuncias: una de una mujer mayor de edad y otra de una menor de 13 a\u00f1os.<\/p>\n\n\n\n<p>Las pericias realizadas a dos celulares secuestrados a Fern\u00e1ndez en marzo pasado, tras la denuncia de la mujer mayor de edad, fueron determinantes para la orden de detenci\u00f3n. Los dispositivos conten\u00edan videos y fotograf\u00edas de actos sexuales con menores y mayores.<\/p>\n\n\n\n<p>La denunciante, quien habr\u00eda iniciado su relaci\u00f3n con Fern\u00e1ndez a los 14 a\u00f1os, relat\u00f3 que el pol\u00edtico la llev\u00f3 a un hotel alojamiento donde la fotografi\u00f3 sin ropa, la manose\u00f3 y abus\u00f3 sexualmente.<\/p>\n\n\n\n<p>En la actualidad, la mujer, quien ha tenido un v\u00ednculo personal y pol\u00edtico con Fern\u00e1ndez, ha denunciado que el pol\u00edtico le habr\u00eda ordenado dar dinero y un celular a una ni\u00f1a de 13 a\u00f1os, lo que sugiere un posible nuevo caso de abuso.<\/p>\n\n\n\n<p>Fern\u00e1ndez, un pol\u00edtico con una larga trayectoria en Corrientes, fue presidente del Partido Liberal, una de las fuerzas m\u00e1s antiguas de Argentina. Si bien el PL forma parte del frente oficialista ECO a nivel provincial, en Ituzaing\u00f3 ambos partidos est\u00e1n enfrentados.<\/p>\n\n\n\n<p>El Litoral.<\/p>\n","protected":false},"excerpt":{"rendered":"<p>Sixto Omar Fern\u00e1ndez, de 77 a\u00f1os, conocido como \u00abYacar\u00e9\u00bb, ex presidente del Partido Liberal de Corrientes, fue detenido en su domicilio por orden judicial. Se lo acusa de corrupci\u00f3n de menores y tenencia de material de abuso infantil. La investigaci\u00f3n, a cargo del fiscal Eugenio Balbastro, se basa en dos denuncias: una de una mujer [&hellip;]<\/p>\n","protected":false},"author":2,"featured_media":18489,"comment_status":"closed","ping_status":"open","sticky":false,"template":"","format":"standard","meta":{"footnotes":""},"categories":[3],"tags":[511],"class_list":{"0":"post-18485","1":"post","2":"type-post","3":"status-publish","4":"format-standard","5":"has-post-thumbnail","7":"category-provinciales","8":"tag-bloque-2"},"_links":{"self":[{"href":"https:\/\/zoomproducciones.com.ar\/zoomp\/wp-json\/wp\/v2\/posts\/18485","targetHints":{"allow":["GET"]}}],"collection":[{"href":"https:\/\/zoomproducciones.com.ar\/zoomp\/wp-json\/wp\/v2\/posts"}],"about":[{"href":"https:\/\/zoomproducciones.com.ar\/zoomp\/wp-json\/wp\/v2\/types\/post"}],"author":[{"embeddable":true,"href":"https:\/\/zoomproducciones.com.ar\/zoomp\/wp-json\/wp\/v2\/users\/2"}],"replies":[{"embeddable":true,"href":"https:\/\/zoomproducciones.com.ar\/zoomp\/wp-json\/wp\/v2\/comments?post=18485"}],"version-history":[{"count":1,"href":"https:\/\/zoomproducciones.com.ar\/zoomp\/wp-json\/wp\/v2\/posts\/18485\/revisions"}],"predecessor-version":[{"id":18497,"href":"https:\/\/zoomproducciones.com.ar\/zoomp\/wp-json\/wp\/v2\/posts\/18485\/revisions\/18497"}],"wp:featuredmedia":[{"embeddable":true,"href":"https:\/\/zoomproducciones.com.ar\/zoomp\/wp-json\/wp\/v2\/media\/18489"}],"wp:attachment":[{"href":"https:\/\/zoomproducciones.com.ar\/zoomp\/wp-json\/wp\/v2\/media?parent=18485"}],"wp:term":[{"taxonomy":"category","embeddable":true,"href":"https:\/\/zoomproducciones.com.ar\/zoomp\/wp-json\/wp\/v2\/categories?post=18485"},{"taxonomy":"post_tag","embeddable":true,"href":"https:\/\/zoomproducciones.com.ar\/zoomp\/wp-json\/wp\/v2\/tags?post=18485"}],"curies":[{"name":"wp","href":"https:\/\/api.w.org\/{rel}","templated":true}]}}