{"id":18475,"date":"2024-09-11T07:36:16","date_gmt":"2024-09-11T10:36:16","guid":{"rendered":"http:\/\/zoomproducciones.com.ar\/zoomp\/?p=18475"},"modified":"2024-09-11T07:36:16","modified_gmt":"2024-09-11T10:36:16","slug":"dia-del-maestro-por-que-se-celebra-cada-11-de-septiembre","status":"publish","type":"post","link":"https:\/\/zoomproducciones.com.ar\/zoomp\/dia-del-maestro-por-que-se-celebra-cada-11-de-septiembre\/","title":{"rendered":"D\u00eda del Maestro: por qu\u00e9 se celebra cada 11 de septiembre"},"content":{"rendered":"\n<p>Este mi\u00e9rcoles 11 de septiembre se conmemora el D\u00eda del Maestro en Argentina, en honor a Domingo Faustino Sarmiento, considerado el \u00abpadre del aula\u00bb por su fundamental rol en la educaci\u00f3n latinoamericana.<\/p>\n\n\n\n<p>La fecha conmemora el fallecimiento de Sarmiento, ocurrido en 1888, y fue establecida en 1943 durante la Primera Conferencia de Ministros y Directores de Educaci\u00f3n de las Rep\u00fablicas Americanas, celebrada en Panam\u00e1.<\/p>\n\n\n\n<p>Sarmiento, pol\u00edtico, escritor, periodista y educador argentino, dedic\u00f3 gran parte de su vida a promover la educaci\u00f3n en su pa\u00eds, consider\u00e1ndola la clave para el progreso y el desarrollo. Durante su presidencia, impuls\u00f3 la creaci\u00f3n de escuelas y bibliotecas en todo el territorio argentino, y foment\u00f3 la formaci\u00f3n de maestros.<\/p>\n\n\n\n<p>El D\u00eda del Maestro es una oportunidad para reconocer y agradecer la labor de todos los docentes, reflexionar sobre la importancia de la educaci\u00f3n y el papel fundamental que desempe\u00f1an los maestros en la formaci\u00f3n de las nuevas generaciones.<\/p>\n\n\n\n<p>Este a\u00f1o, el 11 de septiembre, que cae mi\u00e9rcoles, es feriado solo para el sector educativo: no hay clases en todos los niveles y el personal educativo no trabaja. Sin embargo, no es un feriado nacional, por lo que las dem\u00e1s actividades se desarrollan con normalidad.<\/p>\n","protected":false},"excerpt":{"rendered":"<p>Este mi\u00e9rcoles 11 de septiembre se conmemora el D\u00eda del Maestro en Argentina, en honor a Domingo Faustino Sarmiento, considerado el \u00abpadre del aula\u00bb por su fundamental rol en la educaci\u00f3n latinoamericana. La fecha conmemora el fallecimiento de Sarmiento, ocurrido en 1888, y fue establecida en 1943 durante la Primera Conferencia de Ministros y Directores [&hellip;]<\/p>\n","protected":false},"author":2,"featured_media":18478,"comment_status":"closed","ping_status":"open","sticky":false,"template":"","format":"standard","meta":{"footnotes":""},"categories":[8],"tags":[511],"class_list":{"0":"post-18475","1":"post","2":"type-post","3":"status-publish","4":"format-standard","5":"has-post-thumbnail","7":"category-nacionales","8":"tag-bloque-2"},"_links":{"self":[{"href":"https:\/\/zoomproducciones.com.ar\/zoomp\/wp-json\/wp\/v2\/posts\/18475","targetHints":{"allow":["GET"]}}],"collection":[{"href":"https:\/\/zoomproducciones.com.ar\/zoomp\/wp-json\/wp\/v2\/posts"}],"about":[{"href":"https:\/\/zoomproducciones.com.ar\/zoomp\/wp-json\/wp\/v2\/types\/post"}],"author":[{"embeddable":true,"href":"https:\/\/zoomproducciones.com.ar\/zoomp\/wp-json\/wp\/v2\/users\/2"}],"replies":[{"embeddable":true,"href":"https:\/\/zoomproducciones.com.ar\/zoomp\/wp-json\/wp\/v2\/comments?post=18475"}],"version-history":[{"count":1,"href":"https:\/\/zoomproducciones.com.ar\/zoomp\/wp-json\/wp\/v2\/posts\/18475\/revisions"}],"predecessor-version":[{"id":18482,"href":"https:\/\/zoomproducciones.com.ar\/zoomp\/wp-json\/wp\/v2\/posts\/18475\/revisions\/18482"}],"wp:featuredmedia":[{"embeddable":true,"href":"https:\/\/zoomproducciones.com.ar\/zoomp\/wp-json\/wp\/v2\/media\/18478"}],"wp:attachment":[{"href":"https:\/\/zoomproducciones.com.ar\/zoomp\/wp-json\/wp\/v2\/media?parent=18475"}],"wp:term":[{"taxonomy":"category","embeddable":true,"href":"https:\/\/zoomproducciones.com.ar\/zoomp\/wp-json\/wp\/v2\/categories?post=18475"},{"taxonomy":"post_tag","embeddable":true,"href":"https:\/\/zoomproducciones.com.ar\/zoomp\/wp-json\/wp\/v2\/tags?post=18475"}],"curies":[{"name":"wp","href":"https:\/\/api.w.org\/{rel}","templated":true}]}}