{"id":18474,"date":"2024-09-11T07:36:18","date_gmt":"2024-09-11T10:36:18","guid":{"rendered":"http:\/\/zoomproducciones.com.ar\/zoomp\/?p=18474"},"modified":"2024-09-11T07:36:18","modified_gmt":"2024-09-11T10:36:18","slug":"los-23-gobernadores-le-exigieron-al-gobierno-nacional-por-deudas-y-obra-publica","status":"publish","type":"post","link":"https:\/\/zoomproducciones.com.ar\/zoomp\/los-23-gobernadores-le-exigieron-al-gobierno-nacional-por-deudas-y-obra-publica\/","title":{"rendered":"Los 23 gobernadores le exigieron al Gobierno Nacional por deudas y obra p\u00fablica"},"content":{"rendered":"\n<p>Los gobernadores de 23 provincias, reunidos en el Consejo Federal de Inversiones (CFI), ratificaron la continuidad de Ignacio Lamothe como secretario general del organismo. La decisi\u00f3n, que consolida la influencia del peronismo en el CFI, se produjo tras una fuerte presi\u00f3n de los gobernadores radicales y del PRO para imponer a su propio candidato.<\/p>\n\n\n\n<p>La continuidad de Lamothe recibi\u00f3 el apoyo de varios mandatarios, incluyendo Ricardo Quintela (La Rioja), Axel Kicillof (Buenos Aires) y Gustavo Melella (Tierra del Fuego), quienes destacaron su compromiso con el desarrollo federal.<\/p>\n\n\n\n<p>Eduardo de Pedro, ex ministro del Interior y actual senador nacional, tambi\u00e9n celebr\u00f3 la decisi\u00f3n y resalt\u00f3 la transformaci\u00f3n que ha experimentado el CFI en los \u00faltimos cuatro a\u00f1os bajo la gesti\u00f3n de Lamothe.<\/p>\n\n\n\n<p>Sin embargo, la reuni\u00f3n no estuvo exenta de reclamos. Los gobernadores le solicitaron al Gobierno nacional que se aseguren las \u00abtransferencias corrientes y de las deudas correspondientes a los recursos de las Cajas No Transferidas, y la distribuci\u00f3n del Fondo Compensador del Transporte\u00bb.<\/p>\n\n\n\n<p>Adem\u00e1s, solicitaron una mayor participaci\u00f3n en los recursos coparticipables, buscando una distribuci\u00f3n m\u00e1s equitativa entre la Naci\u00f3n y las Provincias, tal como establece la Constituci\u00f3n Nacional.<\/p>\n","protected":false},"excerpt":{"rendered":"<p>Los gobernadores de 23 provincias, reunidos en el Consejo Federal de Inversiones (CFI), ratificaron la continuidad de Ignacio Lamothe como secretario general del organismo. La decisi\u00f3n, que consolida la influencia del peronismo en el CFI, se produjo tras una fuerte presi\u00f3n de los gobernadores radicales y del PRO para imponer a su propio candidato. La [&hellip;]<\/p>\n","protected":false},"author":2,"featured_media":18477,"comment_status":"closed","ping_status":"open","sticky":false,"template":"","format":"standard","meta":{"footnotes":""},"categories":[8],"tags":[511],"class_list":{"0":"post-18474","1":"post","2":"type-post","3":"status-publish","4":"format-standard","5":"has-post-thumbnail","7":"category-nacionales","8":"tag-bloque-2"},"_links":{"self":[{"href":"https:\/\/zoomproducciones.com.ar\/zoomp\/wp-json\/wp\/v2\/posts\/18474","targetHints":{"allow":["GET"]}}],"collection":[{"href":"https:\/\/zoomproducciones.com.ar\/zoomp\/wp-json\/wp\/v2\/posts"}],"about":[{"href":"https:\/\/zoomproducciones.com.ar\/zoomp\/wp-json\/wp\/v2\/types\/post"}],"author":[{"embeddable":true,"href":"https:\/\/zoomproducciones.com.ar\/zoomp\/wp-json\/wp\/v2\/users\/2"}],"replies":[{"embeddable":true,"href":"https:\/\/zoomproducciones.com.ar\/zoomp\/wp-json\/wp\/v2\/comments?post=18474"}],"version-history":[{"count":1,"href":"https:\/\/zoomproducciones.com.ar\/zoomp\/wp-json\/wp\/v2\/posts\/18474\/revisions"}],"predecessor-version":[{"id":18483,"href":"https:\/\/zoomproducciones.com.ar\/zoomp\/wp-json\/wp\/v2\/posts\/18474\/revisions\/18483"}],"wp:featuredmedia":[{"embeddable":true,"href":"https:\/\/zoomproducciones.com.ar\/zoomp\/wp-json\/wp\/v2\/media\/18477"}],"wp:attachment":[{"href":"https:\/\/zoomproducciones.com.ar\/zoomp\/wp-json\/wp\/v2\/media?parent=18474"}],"wp:term":[{"taxonomy":"category","embeddable":true,"href":"https:\/\/zoomproducciones.com.ar\/zoomp\/wp-json\/wp\/v2\/categories?post=18474"},{"taxonomy":"post_tag","embeddable":true,"href":"https:\/\/zoomproducciones.com.ar\/zoomp\/wp-json\/wp\/v2\/tags?post=18474"}],"curies":[{"name":"wp","href":"https:\/\/api.w.org\/{rel}","templated":true}]}}