{"id":18473,"date":"2024-09-11T07:36:20","date_gmt":"2024-09-11T10:36:20","guid":{"rendered":"http:\/\/zoomproducciones.com.ar\/zoomp\/?p=18473"},"modified":"2024-09-11T07:36:21","modified_gmt":"2024-09-11T10:36:21","slug":"inflacion-en-agosto-indec-publica-los-datos-este-miercoles-analistas-proyectan-leve-desaceleracion","status":"publish","type":"post","link":"https:\/\/zoomproducciones.com.ar\/zoomp\/inflacion-en-agosto-indec-publica-los-datos-este-miercoles-analistas-proyectan-leve-desaceleracion\/","title":{"rendered":"Inflaci\u00f3n en agosto: Indec publica los datos este mi\u00e9rcoles, analistas proyectan leve desaceleraci\u00f3n"},"content":{"rendered":"\n<p>Este mi\u00e9rcoles, el Instituto Nacional de Estad\u00edstica y Censos (Indec) dar\u00e1 a conocer la variaci\u00f3n de precios minoristas durante agosto. Seg\u00fan los analistas privados, la inflaci\u00f3n se ubicar\u00eda en torno al 3,9%, apenas una d\u00e9cima por debajo del 4% registrado en julio.<\/p>\n\n\n\n<p>Un dato que podr\u00eda indicar una leve desaceleraci\u00f3n es la inflaci\u00f3n minorista de la Ciudad de Buenos Aires, que en agosto alcanz\u00f3 el 4,2%, casi un punto por debajo del 5,1% de julio. La medici\u00f3n porte\u00f1a, que pondera m\u00e1s los servicios que la del Indec a nivel nacional, registr\u00f3 un alza de 3,1% en bienes y de 4,9% en servicios.<\/p>\n\n\n\n<p>El incremento en la Ciudad fue impulsado por las tarifas de transporte y servicios p\u00fablicos. A pesar de la suba general, los rubros \u00abSalud\u00bb y \u00abAlimentos y bebidas\u00bb se ubicaron por debajo del promedio, con un aumento del 3,1% en alimentos.<\/p>\n\n\n\n<p>En el acumulado del a\u00f1o, la inflaci\u00f3n alcanza el 106,8%, mientras que la interanual se ubica en 243,1%.<\/p>\n\n\n\n<p>Seg\u00fan el Relevamiento de Expectativas del Mercado (REM) del Banco Central, se proyecta una inflaci\u00f3n del 3,5% para septiembre.<\/p>\n\n\n\n<p>Desde el Ministerio de Econom\u00eda, el secretario de Finanzas, Pablo Quirno, asegur\u00f3 que se est\u00e1n tomando medidas para reducir la inflaci\u00f3n, destacando la saneada situaci\u00f3n del Banco Central y la deuda comercial.<\/p>\n\n\n\n<p>El titular del Indec, Marco Lavagna, confirm\u00f3 que en dos meses se implementar\u00e1 un nuevo m\u00e9todo para medir la inflaci\u00f3n, con un mayor n\u00famero de productos relevados.<\/p>\n","protected":false},"excerpt":{"rendered":"<p>Este mi\u00e9rcoles, el Instituto Nacional de Estad\u00edstica y Censos (Indec) dar\u00e1 a conocer la variaci\u00f3n de precios minoristas durante agosto. Seg\u00fan los analistas privados, la inflaci\u00f3n se ubicar\u00eda en torno al 3,9%, apenas una d\u00e9cima por debajo del 4% registrado en julio. Un dato que podr\u00eda indicar una leve desaceleraci\u00f3n es la inflaci\u00f3n minorista de [&hellip;]<\/p>\n","protected":false},"author":2,"featured_media":18476,"comment_status":"closed","ping_status":"open","sticky":false,"template":"","format":"standard","meta":{"footnotes":""},"categories":[8],"tags":[511],"class_list":{"0":"post-18473","1":"post","2":"type-post","3":"status-publish","4":"format-standard","5":"has-post-thumbnail","7":"category-nacionales","8":"tag-bloque-2"},"_links":{"self":[{"href":"https:\/\/zoomproducciones.com.ar\/zoomp\/wp-json\/wp\/v2\/posts\/18473","targetHints":{"allow":["GET"]}}],"collection":[{"href":"https:\/\/zoomproducciones.com.ar\/zoomp\/wp-json\/wp\/v2\/posts"}],"about":[{"href":"https:\/\/zoomproducciones.com.ar\/zoomp\/wp-json\/wp\/v2\/types\/post"}],"author":[{"embeddable":true,"href":"https:\/\/zoomproducciones.com.ar\/zoomp\/wp-json\/wp\/v2\/users\/2"}],"replies":[{"embeddable":true,"href":"https:\/\/zoomproducciones.com.ar\/zoomp\/wp-json\/wp\/v2\/comments?post=18473"}],"version-history":[{"count":1,"href":"https:\/\/zoomproducciones.com.ar\/zoomp\/wp-json\/wp\/v2\/posts\/18473\/revisions"}],"predecessor-version":[{"id":18484,"href":"https:\/\/zoomproducciones.com.ar\/zoomp\/wp-json\/wp\/v2\/posts\/18473\/revisions\/18484"}],"wp:featuredmedia":[{"embeddable":true,"href":"https:\/\/zoomproducciones.com.ar\/zoomp\/wp-json\/wp\/v2\/media\/18476"}],"wp:attachment":[{"href":"https:\/\/zoomproducciones.com.ar\/zoomp\/wp-json\/wp\/v2\/media?parent=18473"}],"wp:term":[{"taxonomy":"category","embeddable":true,"href":"https:\/\/zoomproducciones.com.ar\/zoomp\/wp-json\/wp\/v2\/categories?post=18473"},{"taxonomy":"post_tag","embeddable":true,"href":"https:\/\/zoomproducciones.com.ar\/zoomp\/wp-json\/wp\/v2\/tags?post=18473"}],"curies":[{"name":"wp","href":"https:\/\/api.w.org\/{rel}","templated":true}]}}