{"id":18468,"date":"2024-09-11T07:18:13","date_gmt":"2024-09-11T10:18:13","guid":{"rendered":"http:\/\/zoomproducciones.com.ar\/zoomp\/?p=18468"},"modified":"2024-09-11T07:18:14","modified_gmt":"2024-09-11T10:18:14","slug":"acto-por-el-aniversario-181o-de-paso-de-los-libres-postergado-por-condiciones-climaticas","status":"publish","type":"post","link":"https:\/\/zoomproducciones.com.ar\/zoomp\/acto-por-el-aniversario-181o-de-paso-de-los-libres-postergado-por-condiciones-climaticas\/","title":{"rendered":"Acto por el aniversario 181\u00ba de Paso de los Libres postergado por condiciones clim\u00e1ticas"},"content":{"rendered":"\n<p>El intendente de Paso de los Libres, mediante la Resoluci\u00f3n N\u00b0 185 D.E.M., ha decidido postergar el acto conmemorativo del 181\u00b0 aniversario de la fundaci\u00f3n de la ciudad, que originalmente estaba previsto para el 12 de septiembre.<\/p>\n\n\n\n<p>Debido a las inclemencias clim\u00e1ticas pronosticadas para esa fecha, incluyendo tormentas y lluvias que podr\u00edan afectar el normal desarrollo de las ceremonias oficiales, el evento se trasladar\u00e1 al 13 de septiembre de 2024. Cabe destacar que el 12 de septiembre seguir\u00e1 siendo un feriado inamovible.<\/p>\n\n\n\n<p>El acto se llevar\u00e1 a cabo el 13 de septiembre en el horario y modalidad previamente establecidos. Adem\u00e1s, se decretar\u00e1 asueto administrativo municipal, garantizando la continuidad de los servicios esenciales y las guardias m\u00ednimas.<\/p>\n\n\n\n<p>Asimismo, se invita a las instituciones gubernamentales provinciales y nacionales, as\u00ed como a los establecimientos educativos de la ciudad, a adherirse a esta disposici\u00f3n.<\/p>\n","protected":false},"excerpt":{"rendered":"<p>El intendente de Paso de los Libres, mediante la Resoluci\u00f3n N\u00b0 185 D.E.M., ha decidido postergar el acto conmemorativo del 181\u00b0 aniversario de la fundaci\u00f3n de la ciudad, que originalmente estaba previsto para el 12 de septiembre. Debido a las inclemencias clim\u00e1ticas pronosticadas para esa fecha, incluyendo tormentas y lluvias que podr\u00edan afectar el normal [&hellip;]<\/p>\n","protected":false},"author":2,"featured_media":18469,"comment_status":"closed","ping_status":"open","sticky":false,"template":"","format":"standard","meta":{"footnotes":""},"categories":[8],"tags":[42],"class_list":{"0":"post-18468","1":"post","2":"type-post","3":"status-publish","4":"format-standard","5":"has-post-thumbnail","7":"category-nacionales","8":"tag-featured"},"_links":{"self":[{"href":"https:\/\/zoomproducciones.com.ar\/zoomp\/wp-json\/wp\/v2\/posts\/18468","targetHints":{"allow":["GET"]}}],"collection":[{"href":"https:\/\/zoomproducciones.com.ar\/zoomp\/wp-json\/wp\/v2\/posts"}],"about":[{"href":"https:\/\/zoomproducciones.com.ar\/zoomp\/wp-json\/wp\/v2\/types\/post"}],"author":[{"embeddable":true,"href":"https:\/\/zoomproducciones.com.ar\/zoomp\/wp-json\/wp\/v2\/users\/2"}],"replies":[{"embeddable":true,"href":"https:\/\/zoomproducciones.com.ar\/zoomp\/wp-json\/wp\/v2\/comments?post=18468"}],"version-history":[{"count":1,"href":"https:\/\/zoomproducciones.com.ar\/zoomp\/wp-json\/wp\/v2\/posts\/18468\/revisions"}],"predecessor-version":[{"id":18470,"href":"https:\/\/zoomproducciones.com.ar\/zoomp\/wp-json\/wp\/v2\/posts\/18468\/revisions\/18470"}],"wp:featuredmedia":[{"embeddable":true,"href":"https:\/\/zoomproducciones.com.ar\/zoomp\/wp-json\/wp\/v2\/media\/18469"}],"wp:attachment":[{"href":"https:\/\/zoomproducciones.com.ar\/zoomp\/wp-json\/wp\/v2\/media?parent=18468"}],"wp:term":[{"taxonomy":"category","embeddable":true,"href":"https:\/\/zoomproducciones.com.ar\/zoomp\/wp-json\/wp\/v2\/categories?post=18468"},{"taxonomy":"post_tag","embeddable":true,"href":"https:\/\/zoomproducciones.com.ar\/zoomp\/wp-json\/wp\/v2\/tags?post=18468"}],"curies":[{"name":"wp","href":"https:\/\/api.w.org\/{rel}","templated":true}]}}