{"id":18466,"date":"2024-09-11T07:18:16","date_gmt":"2024-09-11T10:18:16","guid":{"rendered":"http:\/\/zoomproducciones.com.ar\/zoomp\/?p=18466"},"modified":"2024-09-11T07:18:16","modified_gmt":"2024-09-11T10:18:16","slug":"secuestran-motocicleta-adulterada-fue-robada-en-corrientes-capital","status":"publish","type":"post","link":"https:\/\/zoomproducciones.com.ar\/zoomp\/secuestran-motocicleta-adulterada-fue-robada-en-corrientes-capital\/","title":{"rendered":"Secuestran motocicleta adulterada: fue robada en Corrientes Capital"},"content":{"rendered":"\n<p>En la Planta de Verificaci\u00f3n de la Polic\u00eda de Corrientes, ubicada en la Unidad Regional IV de Paso de los Libres, personal especializado en la verificaci\u00f3n de automotores detect\u00f3 irregularidades en una motocicleta Honda de 125 cc. Durante la revisi\u00f3n, se constat\u00f3 que los n\u00fameros de chasis, motor y dominio de la c\u00e9dula del automotor no coincid\u00edan con los originales del veh\u00edculo, lo que revel\u00f3 la presencia de un delito de adulteraci\u00f3n de chapa patente y c\u00e9dula.<\/p>\n\n\n\n<p>Tras consultar con el fiscal de turno, personal de la Comisar\u00eda Primera procedi\u00f3 al secuestro de la motocicleta e inici\u00f3 las actuaciones judiciales correspondientes.<\/p>\n\n\n\n<p>Posteriormente, el equipo de investigaciones realiz\u00f3 consultas para determinar el origen de la motocicleta, descubriendo que hab\u00eda sido robada en agosto en la ciudad de Corrientes. La denuncia original hab\u00eda sido radicada en la Comisar\u00eda Segunda de la capital por su propietario. Las autoridades contin\u00faan las investigaciones para esclarecer completamente el caso.<\/p>\n","protected":false},"excerpt":{"rendered":"<p>En la Planta de Verificaci\u00f3n de la Polic\u00eda de Corrientes, ubicada en la Unidad Regional IV de Paso de los Libres, personal especializado en la verificaci\u00f3n de automotores detect\u00f3 irregularidades en una motocicleta Honda de 125 cc. Durante la revisi\u00f3n, se constat\u00f3 que los n\u00fameros de chasis, motor y dominio de la c\u00e9dula del automotor [&hellip;]<\/p>\n","protected":false},"author":2,"featured_media":18467,"comment_status":"closed","ping_status":"open","sticky":false,"template":"","format":"standard","meta":{"footnotes":""},"categories":[5],"tags":[42],"class_list":{"0":"post-18466","1":"post","2":"type-post","3":"status-publish","4":"format-standard","5":"has-post-thumbnail","7":"category-locales","8":"tag-featured"},"_links":{"self":[{"href":"https:\/\/zoomproducciones.com.ar\/zoomp\/wp-json\/wp\/v2\/posts\/18466","targetHints":{"allow":["GET"]}}],"collection":[{"href":"https:\/\/zoomproducciones.com.ar\/zoomp\/wp-json\/wp\/v2\/posts"}],"about":[{"href":"https:\/\/zoomproducciones.com.ar\/zoomp\/wp-json\/wp\/v2\/types\/post"}],"author":[{"embeddable":true,"href":"https:\/\/zoomproducciones.com.ar\/zoomp\/wp-json\/wp\/v2\/users\/2"}],"replies":[{"embeddable":true,"href":"https:\/\/zoomproducciones.com.ar\/zoomp\/wp-json\/wp\/v2\/comments?post=18466"}],"version-history":[{"count":1,"href":"https:\/\/zoomproducciones.com.ar\/zoomp\/wp-json\/wp\/v2\/posts\/18466\/revisions"}],"predecessor-version":[{"id":18471,"href":"https:\/\/zoomproducciones.com.ar\/zoomp\/wp-json\/wp\/v2\/posts\/18466\/revisions\/18471"}],"wp:featuredmedia":[{"embeddable":true,"href":"https:\/\/zoomproducciones.com.ar\/zoomp\/wp-json\/wp\/v2\/media\/18467"}],"wp:attachment":[{"href":"https:\/\/zoomproducciones.com.ar\/zoomp\/wp-json\/wp\/v2\/media?parent=18466"}],"wp:term":[{"taxonomy":"category","embeddable":true,"href":"https:\/\/zoomproducciones.com.ar\/zoomp\/wp-json\/wp\/v2\/categories?post=18466"},{"taxonomy":"post_tag","embeddable":true,"href":"https:\/\/zoomproducciones.com.ar\/zoomp\/wp-json\/wp\/v2\/tags?post=18466"}],"curies":[{"name":"wp","href":"https:\/\/api.w.org\/{rel}","templated":true}]}}