{"id":18450,"date":"2024-09-10T08:57:59","date_gmt":"2024-09-10T11:57:59","guid":{"rendered":"http:\/\/zoomproducciones.com.ar\/zoomp\/?p=18450"},"modified":"2024-09-10T09:14:25","modified_gmt":"2024-09-10T12:14:25","slug":"este-jueves-se-conocera-la-setencia-del-joven-que-mato-a-su-abuela-para-robarle","status":"publish","type":"post","link":"https:\/\/zoomproducciones.com.ar\/zoomp\/este-jueves-se-conocera-la-setencia-del-joven-que-mato-a-su-abuela-para-robarle\/","title":{"rendered":"Este jueves se conocer\u00e1 la setencia del j\u00f3ven acusado de matar a su abuela para robarle"},"content":{"rendered":"\n<p>La sentencia por el caso del joven acusado de matar a su abuela para robarle en Corrientes se pospuso hasta el jueves 12 de septiembre. La audiencia, prevista para este lunes, fue suspendida debido a la indisposici\u00f3n m\u00e9dica de uno de los defensores oficiales.<\/p>\n\n\n\n<p>El hecho ocurri\u00f3 en octubre de 2022, cuando el joven, junto a dos amigos, ingresaron al domicilio de la mujer, la asesinaron para robarle y posteriormente provocaron un incendio para ocultar el crimen.<\/p>\n\n\n\n<p>El debate contra Jonat\u00e1n Cesar Blanco, acusado de \u00abHomicidio Triplemente Calificado por haberse cometido contra un ascendiente, con alevos\u00eda, y para preparar, facilitar, consumar u ocultar otro delito o para asegurar sus resultados o procurar la impunidad\u00bb, se reanudar\u00e1 el jueves con los alegatos y la sentencia.<\/p>\n\n\n\n<p>Sus dos c\u00f3mplices, acusados de ser coautores del delito de \u00abHomicidio Doblemente calificado por haberse cometido con alevos\u00eda y para preparar, facilitar, consumar u ocultar otro delito o para asegurar sus resultados o procurar la impunidad\u00bb, tambi\u00e9n ser\u00e1n sentenciados.<\/p>\n\n\n\n<p>El Tribunal Oral Penal N\u00b02, compuesto por el doctor Juan Jos\u00e9 Cochia como presidente, los vocales Ariel H\u00e9ctor Gustavo Azcona y Rom\u00e1n Facundo Esquivel, y la secretaria Alicia Beatriz Porfirio, emitir\u00e1 la resoluci\u00f3n final.<\/p>\n\n\n\n<p>El Litoral.<\/p>\n","protected":false},"excerpt":{"rendered":"<p>La sentencia por el caso del joven acusado de matar a su abuela para robarle en Corrientes se pospuso hasta el jueves 12 de septiembre. La audiencia, prevista para este lunes, fue suspendida debido a la indisposici\u00f3n m\u00e9dica de uno de los defensores oficiales. El hecho ocurri\u00f3 en octubre de 2022, cuando el joven, junto [&hellip;]<\/p>\n","protected":false},"author":2,"featured_media":18451,"comment_status":"closed","ping_status":"open","sticky":false,"template":"","format":"standard","meta":{"footnotes":""},"categories":[3],"tags":[511],"class_list":{"0":"post-18450","1":"post","2":"type-post","3":"status-publish","4":"format-standard","5":"has-post-thumbnail","7":"category-provinciales","8":"tag-bloque-2"},"_links":{"self":[{"href":"https:\/\/zoomproducciones.com.ar\/zoomp\/wp-json\/wp\/v2\/posts\/18450","targetHints":{"allow":["GET"]}}],"collection":[{"href":"https:\/\/zoomproducciones.com.ar\/zoomp\/wp-json\/wp\/v2\/posts"}],"about":[{"href":"https:\/\/zoomproducciones.com.ar\/zoomp\/wp-json\/wp\/v2\/types\/post"}],"author":[{"embeddable":true,"href":"https:\/\/zoomproducciones.com.ar\/zoomp\/wp-json\/wp\/v2\/users\/2"}],"replies":[{"embeddable":true,"href":"https:\/\/zoomproducciones.com.ar\/zoomp\/wp-json\/wp\/v2\/comments?post=18450"}],"version-history":[{"count":2,"href":"https:\/\/zoomproducciones.com.ar\/zoomp\/wp-json\/wp\/v2\/posts\/18450\/revisions"}],"predecessor-version":[{"id":18461,"href":"https:\/\/zoomproducciones.com.ar\/zoomp\/wp-json\/wp\/v2\/posts\/18450\/revisions\/18461"}],"wp:featuredmedia":[{"embeddable":true,"href":"https:\/\/zoomproducciones.com.ar\/zoomp\/wp-json\/wp\/v2\/media\/18451"}],"wp:attachment":[{"href":"https:\/\/zoomproducciones.com.ar\/zoomp\/wp-json\/wp\/v2\/media?parent=18450"}],"wp:term":[{"taxonomy":"category","embeddable":true,"href":"https:\/\/zoomproducciones.com.ar\/zoomp\/wp-json\/wp\/v2\/categories?post=18450"},{"taxonomy":"post_tag","embeddable":true,"href":"https:\/\/zoomproducciones.com.ar\/zoomp\/wp-json\/wp\/v2\/tags?post=18450"}],"curies":[{"name":"wp","href":"https:\/\/api.w.org\/{rel}","templated":true}]}}