{"id":1845,"date":"2022-11-24T09:54:33","date_gmt":"2022-11-24T12:54:33","guid":{"rendered":"http:\/\/zoomproducciones.com.ar\/zoomp\/?p=1845"},"modified":"2022-11-24T10:34:05","modified_gmt":"2022-11-24T13:34:05","slug":"norte-grande-nacion-confirmo-un-refuerzo-alimentario","status":"publish","type":"post","link":"https:\/\/zoomproducciones.com.ar\/zoomp\/norte-grande-nacion-confirmo-un-refuerzo-alimentario\/","title":{"rendered":"Norte Grande: Naci\u00f3n confirm\u00f3 un refuerzo alimentario"},"content":{"rendered":"\n<p>Este mi\u00e9rcoles se llev\u00f3 a cabo la decimoquinta Asamblea de gobernadores del Norte Grande en la Capital Correntina. De la misma participaron gobernadores de la regi\u00f3n y llegaron a Corrientes cinco ministros nacionales, entre ellos Juan Manzur; Victoria Tolosa Paz; y Wado de Pedro. <\/p>\n\n\n\n<p>Norte Grande llev\u00f3 a cabo la \u00faltima reuni\u00f3n de gobernadores del a\u00f1o en la Capital de la provincia. Por esa raz\u00f3n, cinco ministros nacionales llegaron a Corrientes a participar de la Asamblea: el Jefe de Gabinete de Ministros, Juan Manzur;&nbsp;la ministra de Desarrollo Social, Victoria Tolosa Paz; el Ministro del Interior, Wado de Pedro;&nbsp;el ministro de Desarrollo Territorial&nbsp;y H\u00e1bitat,&nbsp;&nbsp;Santiago&nbsp;Maggiotti y el Ministro de Obras P\u00fablicas, Gabriel Katopodis.&nbsp;<\/p>\n\n\n\n<p>El encuentro se llev\u00f3 a cabo en el Hotel de Turismo. <\/p>\n\n\n\n<h2 class=\"wp-block-heading\">Temario:<\/h2>\n\n\n\n<p>El temario tratado propuso seguir analizando los temas de transporte; energ\u00eda y corredor bioce\u00e1nico; subsidios al gas; exposici\u00f3n de avances de la Agencia de Comercio Exterior e Inversiones del Norte Grande; Balance de la Misi\u00f3n del Norte Grande a Egipto, decreto 814; campa\u00f1a de promoci\u00f3n en la Costa Atl\u00e1ntica del Norte Grande, ODS: solicitud de creaci\u00f3n de una comisi\u00f3n para elaborar un plan de acci\u00f3n estrat\u00e9gico de abordaje de los ODS de la regi\u00f3n y solicitud a la C\u00e1mara Argentina del Libro.<\/p>\n\n\n\n<h2 class=\"wp-block-heading\">Victoria Tolosa Paz anunci\u00f3 un refuerzo alimentario<\/h2>\n\n\n\n<p>En el encuentro los diez mandatarios coincidieron en la<strong>&nbsp;continuidad del espacio m\u00e1s all\u00e1 de las elecciones del a\u00f1o pr\u00f3ximo. <\/strong><\/p>\n\n\n\n<p>Adem\u00e1s <strong>la ministra de Desarrollo Social, Victoria Tolosa Paz, anunci\u00f3 un \u00abrefuerzo alimentario\u00bb de 2.000 millones de pesos para las provincias de la regi\u00f3n.<\/strong><\/p>\n\n\n\n<p><strong>\u00abEl federalismo lo construimos desde la ejecuci\u00f3n presupuestaria y destinando m\u00e1s fondos a\u00fan a las provincias, porque esta es la impronta que le vamos a dar de cara al 2023\u00bb<\/strong>, sostuvo Tolosa Paz.<\/p>\n\n\n\n<p>La ministra de Desarrollo Social tambi\u00e9n se refiri\u00f3 al programa Potenciar Trabajo y dijo que trabaja \u00abpara poder depurar el padr\u00f3n, examinar las incompatibilidades de gente que ha ingresado y no lo necesita ni tiene las caracter\u00edsticas de vulnerabilidad que rige los marcos del programa, por lo cual claramente ser\u00e1 retirado, suspendido\u00bb.<\/p>\n\n\n\n<p>\u00abEsto permite fortalecer y tener tranquilidad sobre las familias que tienen ese ingreso como \u00fanico sustento, al que tenemos que seguir abri\u00e9ndoles las oportunidades porque viene toda una etapa de m\u00e1quinas y herramientas para fortalecer la actividad productiva\u00bb, expres\u00f3 la funcionaria.<\/p>\n\n\n\n<figure class=\"wp-block-image size-large\"><a href=\"http:\/\/zoomproducciones.com.ar\/zoomp\/wp-content\/uploads\/2022\/11\/image-18.png\"><img decoding=\"async\" src=\"http:\/\/zoomproducciones.com.ar\/zoomp\/wp-content\/uploads\/2022\/11\/image-18-1024x576.png\" alt=\"\" class=\"wp-image-1846\"\/><\/a><\/figure>\n\n\n\n<h2 class=\"wp-block-heading\">Segundo puente Chaco &#8211; Corrientes<\/h2>\n\n\n\n<p>Por su parte el ministro de Obras P\u00fablicas, Katopodis, precis\u00f3 que el Presupuesto 2023 establece un crecimiento del 800 por ciento en relaci\u00f3n a este a\u00f1o para la asignaci\u00f3n de recursos de las 10 provincias del Norte Grande.<\/p>\n\n\n\n<p>Entre otros emprendimientos, Katopodis destac\u00f3 el inicio del proceso licitatorio para la construcci\u00f3n del segundo puente entre Chaco y Corrientes a trav\u00e9s del r\u00edo Paran\u00e1, por el cual, dijo, <strong>el 13 de diciembre pr\u00f3ximo se abrir\u00e1n los sobres con las ofertas para la construcci\u00f3n de la primera etapa<\/strong> correspondiente a obras viales complementarias, que iniciar\u00e1n en el primer trimestre del a\u00f1o pr\u00f3ximo.<\/p>\n\n\n\n<p><strong>\u00abY tambi\u00e9n estamos trabajando para que en ese plazo se pueda iniciar la licitaci\u00f3n p\u00fablica internacional de la obra propiamente del puente, una obra presupuestariamente importante, de unos 140.000 millones de pesos\u00bb<\/strong>, ampli\u00f3.<\/p>\n\n\n\n<p>Los 10 mandatarios provinciales presentes fueron el presidente por t\u00e9mpore del grupo, Gerardo Zamora (Santiago del Estero); el anfitri\u00f3n, Gustavo Vald\u00e9s (Corrientes); Jorge Capitanich (Chaco); Ra\u00fal Jalil (Catamarca); Gildo Insfr\u00e1n (Formosa); Gerardo Morales (Jujuy); Gustavo S\u00e1enz (Salta); Osvaldo Jaldo (Tucum\u00e1n); Ricardo Quintela (La Rioja) y Oscar Herrera Ahuad (Misiones).<\/p>\n\n\n\n<p>En la asamblea participaron, adem\u00e1s, representantes de la C\u00e1mara Argentina de la Mediana Empresa (Came) y ministros provinciales de diversas \u00e1reas, que mantuvieron encuentros en paralelo.<\/p>\n\n\n\n<p>La reuni\u00f3n de gobernadores del Norte Grande fue la \u00faltima de 2022, ya que la pr\u00f3xima se realizar\u00e1 en la provincia de La Rioja el 16 de febrero de 2023, cuando adem\u00e1s se elegir\u00e1 el nuevo presidente del grupo.<\/p>\n","protected":false},"excerpt":{"rendered":"<p>Este mi\u00e9rcoles se llev\u00f3 a cabo la decimoquinta Asamblea de gobernadores del Norte Grande en la Capital Correntina. De la misma participaron gobernadores de la regi\u00f3n y llegaron a Corrientes cinco ministros nacionales, entre ellos Juan Manzur; Victoria Tolosa Paz; y Wado de Pedro. Norte Grande llev\u00f3 a cabo la \u00faltima reuni\u00f3n de gobernadores del [&hellip;]<\/p>\n","protected":false},"author":2,"featured_media":0,"comment_status":"closed","ping_status":"open","sticky":false,"template":"","format":"standard","meta":{"footnotes":""},"categories":[3],"tags":[125,42,117,113,123,144],"class_list":{"0":"post-1845","1":"post","2":"type-post","3":"status-publish","4":"format-standard","6":"category-provinciales","7":"tag-corrientes","8":"tag-featured","9":"tag-gobierno-nacional","10":"tag-gobierno-provincial","11":"tag-gustavo-valdes","12":"tag-norte-grande"},"_links":{"self":[{"href":"https:\/\/zoomproducciones.com.ar\/zoomp\/wp-json\/wp\/v2\/posts\/1845","targetHints":{"allow":["GET"]}}],"collection":[{"href":"https:\/\/zoomproducciones.com.ar\/zoomp\/wp-json\/wp\/v2\/posts"}],"about":[{"href":"https:\/\/zoomproducciones.com.ar\/zoomp\/wp-json\/wp\/v2\/types\/post"}],"author":[{"embeddable":true,"href":"https:\/\/zoomproducciones.com.ar\/zoomp\/wp-json\/wp\/v2\/users\/2"}],"replies":[{"embeddable":true,"href":"https:\/\/zoomproducciones.com.ar\/zoomp\/wp-json\/wp\/v2\/comments?post=1845"}],"version-history":[{"count":2,"href":"https:\/\/zoomproducciones.com.ar\/zoomp\/wp-json\/wp\/v2\/posts\/1845\/revisions"}],"predecessor-version":[{"id":1854,"href":"https:\/\/zoomproducciones.com.ar\/zoomp\/wp-json\/wp\/v2\/posts\/1845\/revisions\/1854"}],"wp:attachment":[{"href":"https:\/\/zoomproducciones.com.ar\/zoomp\/wp-json\/wp\/v2\/media?parent=1845"}],"wp:term":[{"taxonomy":"category","embeddable":true,"href":"https:\/\/zoomproducciones.com.ar\/zoomp\/wp-json\/wp\/v2\/categories?post=1845"},{"taxonomy":"post_tag","embeddable":true,"href":"https:\/\/zoomproducciones.com.ar\/zoomp\/wp-json\/wp\/v2\/tags?post=1845"}],"curies":[{"name":"wp","href":"https:\/\/api.w.org\/{rel}","templated":true}]}}